{"id":16266,"date":"2016-12-02T04:35:57","date_gmt":"2016-12-02T02:35:57","guid":{"rendered":"http:\/\/www.vom-taubertal.de\/blog\/?p=16266"},"modified":"2020-01-27T20:43:31","modified_gmt":"2020-01-27T18:43:31","slug":"produktvorstellung-die-neuen-kissen-von-mykotty-taubertalperser","status":"publish","type":"post","link":"https:\/\/www.vom-taubertal.de\/blog\/produktvorstellung-die-neuen-kissen-von-mykotty-taubertalperser\/","title":{"rendered":"Produktvorstellung: Die neuen Kissen von MyKotty \u2013 Taubertalperser"},"content":{"rendered":"<p>Meine Blogleser kennen schon den Hersteller MyKotty \u2013 habe ich euch doch vor einiger Zeit die<strong><a href=\"https:\/\/www.vom-taubertal.de\/blog\/produktvorstellung-kratzmoebel-von-mykotty\/\" target=\"_blank\" rel=\"noopener\"> tollen Kratzm\u00f6bel <\/a><\/strong>von ihm vorgestellt.<br \/>\nKratzm\u00f6bel, die extrem robust sind und selbst unz\u00e4hlige kleine Grizzlypfoten aushalten.<\/p>\n<p>&nbsp;<\/p>\n<p>Nun kam rechtzeitig vor Weihnachten ein, nein eigentlich sind es <strong>zwei neue Produkte<\/strong> auf den Markt, die ich euch hier vorstellen m\u00f6chte und ich gebe zu \u2013 hier wurde ich ein wenig von meinen Katzen nun angetrieben schnell was zu schreiben aber warum \u2013 das seht ihr dann sp\u00e4ter:-)<\/p>\n<p>Wichtig ist mir immer das ich euch hier Produkte vorstelle die mir gefallen, mit denen ich mich identifizieren kann und bei denen ich mir sehr gut vorstellen kann, dass sie ganz gut bei meinen Katzen ankommen. Ich muss aber zugeben ich hab mich auch schon mal geirrt, sowohl bei den Produkten als auch bei der Akzeptanz meiner Katzen. Bei beiden Sachen war ich gleicherma\u00dfen entt\u00e4uscht, entt\u00e4uscht das ein Produkt nicht das hielt was es versprach oder aber meine Katzen ein Produkt, dass ich als absolut genial empfand nicht mal mti dem Allerwertesten ansahen.<br \/>\nOb es hier auch so ist? Mal gucken :-)<\/p>\n<div id=\"ez-toc-container\" class=\"ez-toc-v2_0_82_2 counter-hierarchy ez-toc-counter ez-toc-grey ez-toc-container-direction\">\n<div class=\"ez-toc-title-container\">\n<p class=\"ez-toc-title\" style=\"cursor:inherit\">Inhaltsverzeichnis<\/p>\n<span class=\"ez-toc-title-toggle\"><a href=\"#\" class=\"ez-toc-pull-right ez-toc-btn ez-toc-btn-xs ez-toc-btn-default ez-toc-toggle\" aria-label=\"Toggle Table of Content\"><span class=\"ez-toc-js-icon-con\"><span class=\"\"><span class=\"eztoc-hide\" style=\"display:none;\">Toggle<\/span><span class=\"ez-toc-icon-toggle-span\"><svg style=\"fill: #999;color:#999\" xmlns=\"http:\/\/www.w3.org\/2000\/svg\" class=\"list-377408\" width=\"20px\" height=\"20px\" viewBox=\"0 0 24 24\" fill=\"none\"><path d=\"M6 6H4v2h2V6zm14 0H8v2h12V6zM4 11h2v2H4v-2zm16 0H8v2h12v-2zM4 16h2v2H4v-2zm16 0H8v2h12v-2z\" fill=\"currentColor\"><\/path><\/svg><svg style=\"fill: #999;color:#999\" class=\"arrow-unsorted-368013\" xmlns=\"http:\/\/www.w3.org\/2000\/svg\" width=\"10px\" height=\"10px\" viewBox=\"0 0 24 24\" version=\"1.2\" baseProfile=\"tiny\"><path d=\"M18.2 9.3l-6.2-6.3-6.2 6.3c-.2.2-.3.4-.3.7s.1.5.3.7c.2.2.4.3.7.3h11c.3 0 .5-.1.7-.3.2-.2.3-.5.3-.7s-.1-.5-.3-.7zM5.8 14.7l6.2 6.3 6.2-6.3c.2-.2.3-.5.3-.7s-.1-.5-.3-.7c-.2-.2-.4-.3-.7-.3h-11c-.3 0-.5.1-.7.3-.2.2-.3.5-.3.7s.1.5.3.7z\"\/><\/svg><\/span><\/span><\/span><\/a><\/span><\/div>\n<nav><ul class='ez-toc-list ez-toc-list-level-1 ' ><li class='ez-toc-page-1 ez-toc-heading-level-3'><a class=\"ez-toc-link ez-toc-heading-1\" href=\"https:\/\/www.vom-taubertal.de\/blog\/produktvorstellung-die-neuen-kissen-von-mykotty-taubertalperser\/#Das_sagt_MyKotty_zu_seinen_neuen_Produkten\" >Das sagt MyKotty zu seinen neuen Produkten<\/a><ul class='ez-toc-list-level-5' ><li class='ez-toc-heading-level-5'><ul class='ez-toc-list-level-5' ><li class='ez-toc-heading-level-5'><a class=\"ez-toc-link ez-toc-heading-2\" href=\"https:\/\/www.vom-taubertal.de\/blog\/produktvorstellung-die-neuen-kissen-von-mykotty-taubertalperser\/#PADI_Katzenbett\" >PADI Katzenbett<\/a><\/li><li class='ez-toc-page-1 ez-toc-heading-level-5'><a class=\"ez-toc-link ez-toc-heading-3\" href=\"https:\/\/www.vom-taubertal.de\/blog\/produktvorstellung-die-neuen-kissen-von-mykotty-taubertalperser\/#EMI_Katzenbett\" >EMI Katzenbett<\/a><\/li><\/ul><\/li><\/ul><\/li><li class='ez-toc-page-1 ez-toc-heading-level-3'><a class=\"ez-toc-link ez-toc-heading-4\" href=\"https:\/\/www.vom-taubertal.de\/blog\/produktvorstellung-die-neuen-kissen-von-mykotty-taubertalperser\/#Das_sagen_die_Taubertalperser\" >Das sagen die Taubertalperser<\/a><\/li><\/ul><\/nav><\/div>\n<h3><span class=\"ez-toc-section\" id=\"Das_sagt_MyKotty_zu_seinen_neuen_Produkten\"><\/span>Das sagt MyKotty zu seinen neuen Produkten<span class=\"ez-toc-section-end\"><\/span><\/h3>\n<h5><strong><a href=\"https:\/\/i0.wp.com\/www.vom-taubertal.de\/blog\/wp-content\/uploads\/2016\/11\/MyKotty-Padi-Taubertalperser-01.jpg?quality=100&#038;ssl=1\"><img data-recalc-dims=\"1\" loading=\"lazy\" decoding=\"async\" class=\"aligncenter wp-image-16268 size-full\" src=\"https:\/\/i0.wp.com\/www.vom-taubertal.de\/blog\/wp-content\/uploads\/2016\/11\/MyKotty-Padi-Taubertalperser-01.jpg?resize=800%2C572&#038;quality=100&#038;ssl=1\" alt=\"mykotty-padi-taubertalperser-01\" width=\"800\" height=\"572\" srcset=\"https:\/\/i0.wp.com\/www.vom-taubertal.de\/blog\/wp-content\/uploads\/2016\/11\/MyKotty-Padi-Taubertalperser-01.jpg?w=800&amp;quality=100&amp;ssl=1 800w, https:\/\/i0.wp.com\/www.vom-taubertal.de\/blog\/wp-content\/uploads\/2016\/11\/MyKotty-Padi-Taubertalperser-01.jpg?resize=300%2C215&amp;quality=100&amp;ssl=1 300w, https:\/\/i0.wp.com\/www.vom-taubertal.de\/blog\/wp-content\/uploads\/2016\/11\/MyKotty-Padi-Taubertalperser-01.jpg?resize=768%2C549&amp;quality=100&amp;ssl=1 768w\" sizes=\"auto, (max-width: 800px) 100vw, 800px\" \/><\/a>PADI Katzenbett<br \/>\n<\/strong><\/h5>\n<p>PADI ist ein gro\u00dfes&nbsp;Kissen f\u00fcr die Katze. Der Bezug ist aus&nbsp;100% Baumwolle, die F\u00fcllung ist aus&nbsp;weicher Kunstfaser. Der Bezug kann abgenommen werden und ist waschmaschinengeeignet.<\/p>\n<p>Ma\u00dfe in cm (H\u00f6he x Breite x L\u00e4nge): 15 x 45 x 65.<\/p>\n<p>Gewicht 2 kg.&nbsp;<\/p>\n<h5><strong><a href=\"https:\/\/i0.wp.com\/www.vom-taubertal.de\/blog\/wp-content\/uploads\/2016\/11\/MyKotty-Emmi-Taubertalperser-01.jpg?quality=100&#038;ssl=1\"><img data-recalc-dims=\"1\" loading=\"lazy\" decoding=\"async\" class=\"aligncenter wp-image-16269 size-full\" src=\"https:\/\/i0.wp.com\/www.vom-taubertal.de\/blog\/wp-content\/uploads\/2016\/11\/MyKotty-Emmi-Taubertalperser-01.jpg?resize=800%2C533&#038;quality=100&#038;ssl=1\" alt=\"mykotty-emmi-taubertalperser-01\" width=\"800\" height=\"533\" srcset=\"https:\/\/i0.wp.com\/www.vom-taubertal.de\/blog\/wp-content\/uploads\/2016\/11\/MyKotty-Emmi-Taubertalperser-01.jpg?w=800&amp;quality=100&amp;ssl=1 800w, https:\/\/i0.wp.com\/www.vom-taubertal.de\/blog\/wp-content\/uploads\/2016\/11\/MyKotty-Emmi-Taubertalperser-01.jpg?resize=300%2C200&amp;quality=100&amp;ssl=1 300w, https:\/\/i0.wp.com\/www.vom-taubertal.de\/blog\/wp-content\/uploads\/2016\/11\/MyKotty-Emmi-Taubertalperser-01.jpg?resize=768%2C512&amp;quality=100&amp;ssl=1 768w\" sizes=\"auto, (max-width: 800px) 100vw, 800px\" \/><\/a>EMI Katzenbett<\/strong><\/h5>\n<p>EMI ist ein faltbares Bett f\u00fcr die Katze. Der Bezug ist aus&nbsp;100% Baumwolle, die F\u00fcllung ist aus&nbsp;weicher Kunstfaser. Der Bezug kann abgenommen werden und ist waschmaschinengeeignet.<\/p>\n<p>Ma\u00dfe in cm (H\u00f6he x Breite x L\u00e4nge): gefaltet 41 x 60 x 65, ausgebreitet 12 x 63 x 98.<\/p>\n<p>Gewicht 1,5 kg.<\/p>\n<h3><span class=\"ez-toc-section\" id=\"Das_sagen_die_Taubertalperser\"><\/span>Das sagen die Taubertalperser<span class=\"ez-toc-section-end\"><\/span><\/h3>\n<p><a href=\"https:\/\/i0.wp.com\/www.vom-taubertal.de\/blog\/wp-content\/uploads\/2016\/11\/MyKotty-Emmi-Taubertalperser-03.jpg?quality=100&#038;ssl=1\"><img data-recalc-dims=\"1\" loading=\"lazy\" decoding=\"async\" class=\"aligncenter wp-image-16272 size-full\" src=\"https:\/\/i0.wp.com\/www.vom-taubertal.de\/blog\/wp-content\/uploads\/2016\/11\/MyKotty-Emmi-Taubertalperser-03.jpg?resize=800%2C552&#038;quality=100&#038;ssl=1\" alt=\"mykotty-emmi-taubertalperser-03\" width=\"800\" height=\"552\" srcset=\"https:\/\/i0.wp.com\/www.vom-taubertal.de\/blog\/wp-content\/uploads\/2016\/11\/MyKotty-Emmi-Taubertalperser-03.jpg?w=800&amp;quality=100&amp;ssl=1 800w, https:\/\/i0.wp.com\/www.vom-taubertal.de\/blog\/wp-content\/uploads\/2016\/11\/MyKotty-Emmi-Taubertalperser-03.jpg?resize=300%2C207&amp;quality=100&amp;ssl=1 300w, https:\/\/i0.wp.com\/www.vom-taubertal.de\/blog\/wp-content\/uploads\/2016\/11\/MyKotty-Emmi-Taubertalperser-03.jpg?resize=768%2C530&amp;quality=100&amp;ssl=1 768w\" sizes=\"auto, (max-width: 800px) 100vw, 800px\" \/><\/a>Als ich die Fotos der neuen Kissen sah war ich schon extrem skeptisch \u2013 wei\u00df und schwarz? Wei\u00df was ja bekanntlich sehr schmutzanf\u00e4llig ist und man darauf jeden Schmarrn sieht vorzugsweise kleine schmutzige Katzenpf\u00f6tchen? Hmm\u2026.. lassen wir uns \u00fcberraschen.<\/p>\n<p>Als die Kissen bei uns ankamen war ich schon total \u00fcberrascht von der Gr\u00f6\u00dfe und Kompaktheit. &nbsp;Ich bin in manchen Dingen einfach nur typisch Frau, angegebene Ma\u00dfe lese ich zwar aber w\u00fcrde ich mir keinen Ma\u00dfstab zur Hand nehmen \u2013 ich k\u00f6nnte damit nichts anfangen. Auch der Stoff f\u00fchlte sich super stabil an und was mich gleich mal positiv \u00fcberraschte, der wei\u00dfe Stoff, bei dem ich doch ein wenig Bedenken hatte f\u00fchlt sich so an als w\u00e4re dies ein schmutzabweisender Baumwollstoff.<\/p>\n<p><a href=\"https:\/\/i0.wp.com\/www.vom-taubertal.de\/blog\/wp-content\/uploads\/2016\/11\/MyKotty-Emmi-Taubertalperser-04.jpg?quality=100&#038;ssl=1\"><img data-recalc-dims=\"1\" loading=\"lazy\" decoding=\"async\" class=\"aligncenter wp-image-16273 size-full\" src=\"https:\/\/i0.wp.com\/www.vom-taubertal.de\/blog\/wp-content\/uploads\/2016\/11\/MyKotty-Emmi-Taubertalperser-04.jpg?resize=800%2C533&#038;quality=100&#038;ssl=1\" alt=\"mykotty-emmi-taubertalperser-04\" width=\"800\" height=\"533\" srcset=\"https:\/\/i0.wp.com\/www.vom-taubertal.de\/blog\/wp-content\/uploads\/2016\/11\/MyKotty-Emmi-Taubertalperser-04.jpg?w=800&amp;quality=100&amp;ssl=1 800w, https:\/\/i0.wp.com\/www.vom-taubertal.de\/blog\/wp-content\/uploads\/2016\/11\/MyKotty-Emmi-Taubertalperser-04.jpg?resize=300%2C200&amp;quality=100&amp;ssl=1 300w, https:\/\/i0.wp.com\/www.vom-taubertal.de\/blog\/wp-content\/uploads\/2016\/11\/MyKotty-Emmi-Taubertalperser-04.jpg?resize=768%2C512&amp;quality=100&amp;ssl=1 768w\" sizes=\"auto, (max-width: 800px) 100vw, 800px\" \/><\/a>Schnell mal Fotos gemacht von den Kissen f\u00fcr den Blog zur Pr\u00e4sentation und dann einfach mal den Katzen hingelegt. Da meine Katzen normal immer so um die 3 Tage brauchen bis sie etwas Neues im vollen Umfang nutzen dachte ich, ich h\u00e4tte noch genug Zeit um die Kamera zur Hand zu nehmen.<\/p>\n<p>Dieses Mal hab ich nur die Rechnung ohne den Wirt, sprich ohne meine Katzen gemacht. Schneller als erwartet, eigentlich viel schneller haben meine Flauschenasen diese Kissen angenommen.<\/p>\n<p>Und was soll ich schreiben \u2026. eigentlich \u201ewohnen\u201c sie seitdem darauf :-) Seelig haben sie sich entweder reingekuschelt oder darauf langgemacht und nicht mal durch das Blitzlichtgewitter, was auf sie reinprasselte, konnte man sie beim faulenzen und schlafen st\u00f6ren.<\/p>\n<p><a href=\"https:\/\/i0.wp.com\/www.vom-taubertal.de\/blog\/wp-content\/uploads\/2016\/11\/MyKotty-Taubertalperser-05.jpg?quality=100&#038;ssl=1\"><img data-recalc-dims=\"1\" loading=\"lazy\" decoding=\"async\" class=\"size-medium wp-image-16274 alignleft\" src=\"https:\/\/i0.wp.com\/www.vom-taubertal.de\/blog\/wp-content\/uploads\/2016\/11\/MyKotty-Taubertalperser-05.jpg?resize=240%2C300&#038;quality=100&#038;ssl=1\" alt=\"mykotty-taubertalperser-05\" width=\"240\" height=\"300\" srcset=\"https:\/\/i0.wp.com\/www.vom-taubertal.de\/blog\/wp-content\/uploads\/2016\/11\/MyKotty-Taubertalperser-05.jpg?resize=240%2C300&amp;quality=100&amp;ssl=1 240w, https:\/\/i0.wp.com\/www.vom-taubertal.de\/blog\/wp-content\/uploads\/2016\/11\/MyKotty-Taubertalperser-05.jpg?resize=768%2C961&amp;quality=100&amp;ssl=1 768w, https:\/\/i0.wp.com\/www.vom-taubertal.de\/blog\/wp-content\/uploads\/2016\/11\/MyKotty-Taubertalperser-05.jpg?w=800&amp;quality=100&amp;ssl=1 800w\" sizes=\"auto, (max-width: 240px) 100vw, 240px\" \/><\/a>Man kann ja auf <strong>Padi<\/strong> sogar ganz bequem zu zweit darauf schlafen und d\u00f6sen, was unsere Katzen auch am Wochenende ausgiebig gemacht haben und w\u00e4hrend die Katzen seelig waren \u00fcber ihre neuen Bettchen stand Frauchen, also ich nur gl\u00fccklich strahlend davor und nervte meine bessere H\u00e4lfte mit dem immer wieder kehrenden Satz \u201eIst das nicht s\u00fc\u00df? Das ist ja sooooowas von s\u00fc\u00df\u201c<br \/>\nAlso das Kissen PADI besticht absolut mit seiner Optik, Funktionalit\u00e4t und raschen Begeisterung meiner Katzen f\u00fcr das selbige.<\/p>\n<p>Das Modell <strong>EMI i<\/strong>st ein vielseitiges Modell, entweder man nutzt es als halbrundes Kissen oder aber man faltet es zusammen mit dem Rei\u00dfverschlu\u00df und hat ein wunderbares Kuschelbett f\u00fcr ebensolche Katzen \u2013 Katzen die es lieben sich wo reinzukuscheln werden EMI lieben.<\/p>\n<p><a href=\"https:\/\/i0.wp.com\/www.vom-taubertal.de\/blog\/wp-content\/uploads\/2016\/11\/MyKotty-Taubertalperser-06.jpg?quality=100&#038;ssl=1\"><img data-recalc-dims=\"1\" loading=\"lazy\" decoding=\"async\" class=\"aligncenter wp-image-16275 size-full\" src=\"https:\/\/i0.wp.com\/www.vom-taubertal.de\/blog\/wp-content\/uploads\/2016\/11\/MyKotty-Taubertalperser-06.jpg?resize=800%2C533&#038;quality=100&#038;ssl=1\" alt=\"mykotty-taubertalperser-06\" width=\"800\" height=\"533\" srcset=\"https:\/\/i0.wp.com\/www.vom-taubertal.de\/blog\/wp-content\/uploads\/2016\/11\/MyKotty-Taubertalperser-06.jpg?w=800&amp;quality=100&amp;ssl=1 800w, https:\/\/i0.wp.com\/www.vom-taubertal.de\/blog\/wp-content\/uploads\/2016\/11\/MyKotty-Taubertalperser-06.jpg?resize=300%2C200&amp;quality=100&amp;ssl=1 300w, https:\/\/i0.wp.com\/www.vom-taubertal.de\/blog\/wp-content\/uploads\/2016\/11\/MyKotty-Taubertalperser-06.jpg?resize=768%2C512&amp;quality=100&amp;ssl=1 768w\" sizes=\"auto, (max-width: 800px) 100vw, 800px\" \/><\/a>Auch hier ist der Stoff absolut robust, der einzige kleine Kritikpunkt ist hier beim Rei\u00dfverschluss der Anh\u00e4nger \u2013 der k\u00f6nnte gerne ein wenig gr\u00f6\u00dfer ausfallen \u2013 so ist es doch ein wenig eine Pfriemelei. Allerdings muss man wirklich betonen, dass er sehr gut verarbeitet wurde und hier die Funktionalit\u00e4t gew\u00e4hrleistet ist.<br \/>\nEs machen eigentlich beide Kissen einen \u00fcberaus wertigen Eindruck und selbst die Verpackung, in der sie geliefert wurden, best\u00e4tigt einem in dem Gef\u00fchl etwas Gutes gekauft zu haben.<\/p>\n<p><strong><a href=\"https:\/\/i0.wp.com\/www.vom-taubertal.de\/blog\/wp-content\/uploads\/2016\/11\/MyKotty-Taubertalperser-08.jpg?quality=100&#038;ssl=1\"><img data-recalc-dims=\"1\" loading=\"lazy\" decoding=\"async\" class=\"aligncenter wp-image-16276 size-full\" src=\"https:\/\/i0.wp.com\/www.vom-taubertal.de\/blog\/wp-content\/uploads\/2016\/11\/MyKotty-Taubertalperser-08.jpg?resize=800%2C533&#038;quality=100&#038;ssl=1\" alt=\"mykotty-taubertalperser-08\" width=\"800\" height=\"533\" srcset=\"https:\/\/i0.wp.com\/www.vom-taubertal.de\/blog\/wp-content\/uploads\/2016\/11\/MyKotty-Taubertalperser-08.jpg?w=800&amp;quality=100&amp;ssl=1 800w, https:\/\/i0.wp.com\/www.vom-taubertal.de\/blog\/wp-content\/uploads\/2016\/11\/MyKotty-Taubertalperser-08.jpg?resize=300%2C200&amp;quality=100&amp;ssl=1 300w, https:\/\/i0.wp.com\/www.vom-taubertal.de\/blog\/wp-content\/uploads\/2016\/11\/MyKotty-Taubertalperser-08.jpg?resize=768%2C512&amp;quality=100&amp;ssl=1 768w\" sizes=\"auto, (max-width: 800px) 100vw, 800px\" \/><\/a>Reinigung:<\/strong> Ich habe bereits erw\u00e4hnt gehabt das der hochwertige Baumwollstoff mir sehr schmutzabweisend erscheint. Nach mehreren Tagen im Einsatz verst\u00e4rkt sich dieser Eindruck auch. Auch die Haare, die von den Katzen hinterlassen wurden sind mit <strong><a href=\"https:\/\/www.vom-taubertal.de\/blog\/produktvorstellung-paku-paku-haarentfernung-leicht-gemacht\/\" target=\"_blank\" rel=\"noopener\">entsprechenden B\u00fcrsten <\/a><\/strong>sehr rasch und leicht zu entfernen.<br \/>\nSollte allerdings doch mal ein gr\u00f6\u00dferes Ungl\u00fcck passieren so kann man die Kissenbez\u00fcge abziehen und in der Waschmaschine bei 30\u00b0 Grad waschen.<\/p>\n<p>Erh\u00e4ltlich sind diese Kissen, die meine Katzen so absolut begeistert haben direkt im <strong><a href=\"http:\/\/www.mykotty.de\/onlineshop\/\" target=\"_blank\" rel=\"noopener\">Online-Shop bei MyKotty<\/a><\/strong> oder aber ihr habt das Gl\u00fcck in der N\u00e4he von Gotha zu wohnen \u2013 da hat im September ein ganz toller Laden aufgemacht der auch MyKotty im Sortiment hat &#8211; &gt; <strong><a href=\"http:\/\/letsfetz-funforpets.de\/Kratzmoebel\" target=\"_blank\" rel=\"noopener\">Let\u2019s fetz fun for pets<\/a><\/strong><br \/>\n<script type=\"text\/javascript\">\n    google_ad_client = \"ca-pub-3363977028533397\";\n    google_ad_slot = \"3730385664\";\n    google_ad_width = 728;\n    google_ad_height = 90;\n<\/script><br \/>\n<!-- Taubertal2 --><br \/>\n<script type=\"text\/javascript\" src=\"\/\/pagead2.googlesyndication.com\/pagead\/show_ads.js\">\n<\/script><\/p>\n<p><span style=\"border-radius: 2px; text-indent: 20px; width: auto; padding: 0px 4px 0px 0px; text-align: center; font: bold 11px\/20px 'Helvetica Neue',Helvetica,sans-serif; color: #ffffff; background: #bd081c no-repeat scroll 3px 50% \/ 14px 14px; position: absolute; opacity: 1; z-index: 8675309; display: none; cursor: pointer;\">Merken<\/span><\/p>\n<p><span style=\"border-radius: 2px; text-indent: 20px; width: auto; padding: 0px 4px 0px 0px; text-align: center; font: bold 11px\/20px 'Helvetica Neue',Helvetica,sans-serif; color: #ffffff; background: #bd081c no-repeat scroll 3px 50% \/ 14px 14px; position: absolute; opacity: 1; z-index: 8675309; display: none; cursor: pointer;\">Merken<\/span><\/p>\n<p><span style=\"border-radius: 2px; text-indent: 20px; width: auto; padding: 0px 4px 0px 0px; text-align: center; font: bold 11px\/20px 'Helvetica Neue',Helvetica,sans-serif; color: #ffffff; background: #bd081c no-repeat scroll 3px 50% \/ 14px 14px; position: absolute; opacity: 1; z-index: 8675309; display: none; cursor: pointer; top: 602px; left: 779px;\">Merken<\/span><\/p>\n<p><span style=\"border-radius: 2px; text-indent: 20px; width: auto; padding: 0px 4px 0px 0px; text-align: center; font: bold 11px\/20px 'Helvetica Neue',Helvetica,sans-serif; color: #ffffff; background: #bd081c no-repeat scroll 3px 50% \/ 14px 14px; position: absolute; opacity: 1; z-index: 8675309; display: none; cursor: pointer;\">Merken<\/span><\/p>\n","protected":false},"excerpt":{"rendered":"<p>Meine Blogleser kennen schon den Hersteller MyKotty \u2013 habe ich euch doch vor einiger Zeit die tollen Kratzm\u00f6bel von ihm<\/p>\n","protected":false},"author":1,"featured_media":16267,"comment_status":"closed","ping_status":"open","sticky":false,"template":"","format":"standard","meta":{"colormag_page_container_layout":"default_layout","colormag_page_sidebar_layout":"default_layout","sfsi_plus_gutenberg_text_before_share":"","sfsi_plus_gutenberg_show_text_before_share":"","sfsi_plus_gutenberg_icon_type":"","sfsi_plus_gutenberg_icon_alignemt":"","sfsi_plus_gutenburg_max_per_row":"","ngg_post_thumbnail":0,"_jetpack_memberships_contains_paid_content":false,"footnotes":"","jetpack_publicize_message":"","jetpack_publicize_feature_enabled":true,"jetpack_social_post_already_shared":true,"jetpack_social_options":{"image_generator_settings":{"template":"highway","default_image_id":0,"font":"","enabled":false},"version":2},"_wpas_customize_per_network":false},"categories":[1,29],"tags":[1102,417,1101,1103,843,828,829],"class_list":["post-16266","post","type-post","status-publish","format-standard","has-post-thumbnail","hentry","category-allgemein-katzen-perserkatzen-taubertalperser","category-produktvorstellung-taubertalperser-perserkatzen","tag-emi","tag-kissen","tag-mykotty","tag-padi","tag-produkttest","tag-produktvorstellung-taubertalperser-perserkatzen","tag-taubertalperser"],"yoast_head":"<!-- This site is optimized with the Yoast SEO plugin v27.5 - https:\/\/yoast.com\/product\/yoast-seo-wordpress\/ -->\n<title>Produktvorstellung: Emi und Padi - die neuen Kissen von MyKotty<\/title>\n<meta name=\"description\" content=\"MyKotty hat rechtzeitig vor Weihnachten zwei ganz tolle neue Kissen auf den Markt gebracht. Was die Taubertalperser von Emi und Padi halten lest hier...\" \/>\n<meta name=\"robots\" content=\"index, follow, max-snippet:-1, max-image-preview:large, max-video-preview:-1\" \/>\n<link rel=\"canonical\" href=\"https:\/\/www.vom-taubertal.de\/blog\/produktvorstellung-die-neuen-kissen-von-mykotty-taubertalperser\/\" \/>\n<meta property=\"og:locale\" content=\"de_DE\" \/>\n<meta property=\"og:type\" content=\"article\" \/>\n<meta property=\"og:title\" content=\"Produktvorstellung: Emi und Padi - die neuen Kissen von MyKotty\" \/>\n<meta property=\"og:description\" content=\"MyKotty hat rechtzeitig vor Weihnachten zwei ganz tolle neue Kissen auf den Markt gebracht. Was die Taubertalperser von Emi und Padi halten lest hier...\" \/>\n<meta property=\"og:url\" content=\"https:\/\/www.vom-taubertal.de\/blog\/produktvorstellung-die-neuen-kissen-von-mykotty-taubertalperser\/\" \/>\n<meta property=\"og:site_name\" content=\"Die Taubertalperser\" \/>\n<meta property=\"article:published_time\" content=\"2016-12-02T02:35:57+00:00\" \/>\n<meta property=\"article:modified_time\" content=\"2020-01-27T18:43:31+00:00\" \/>\n<meta property=\"og:image\" content=\"https:\/\/www.vom-taubertal.de\/blog\/wp-content\/uploads\/2016\/11\/gutenachtladies.jpg\" \/>\n\t<meta property=\"og:image:width\" content=\"800\" \/>\n\t<meta property=\"og:image:height\" content=\"533\" \/>\n\t<meta property=\"og:image:type\" content=\"image\/jpeg\" \/>\n<meta name=\"author\" content=\"afrank\" \/>\n<meta name=\"twitter:label1\" content=\"Verfasst von\" \/>\n\t<meta name=\"twitter:data1\" content=\"afrank\" \/>\n\t<meta name=\"twitter:label2\" content=\"Gesch\u00e4tzte Lesezeit\" \/>\n\t<meta name=\"twitter:data2\" content=\"4\u00a0Minuten\" \/>\n<script type=\"application\/ld+json\" class=\"yoast-schema-graph\">{\"@context\":\"https:\\\/\\\/schema.org\",\"@graph\":[{\"@type\":\"Article\",\"@id\":\"https:\\\/\\\/www.vom-taubertal.de\\\/blog\\\/produktvorstellung-die-neuen-kissen-von-mykotty-taubertalperser\\\/#article\",\"isPartOf\":{\"@id\":\"https:\\\/\\\/www.vom-taubertal.de\\\/blog\\\/produktvorstellung-die-neuen-kissen-von-mykotty-taubertalperser\\\/\"},\"author\":{\"name\":\"afrank\",\"@id\":\"https:\\\/\\\/www.vom-taubertal.de\\\/blog\\\/#\\\/schema\\\/person\\\/368654e092f5785df440fe834ecc3049\"},\"headline\":\"Produktvorstellung: Die neuen Kissen von MyKotty \u2013 Taubertalperser\",\"datePublished\":\"2016-12-02T02:35:57+00:00\",\"dateModified\":\"2020-01-27T18:43:31+00:00\",\"mainEntityOfPage\":{\"@id\":\"https:\\\/\\\/www.vom-taubertal.de\\\/blog\\\/produktvorstellung-die-neuen-kissen-von-mykotty-taubertalperser\\\/\"},\"wordCount\":904,\"publisher\":{\"@id\":\"https:\\\/\\\/www.vom-taubertal.de\\\/blog\\\/#\\\/schema\\\/person\\\/368654e092f5785df440fe834ecc3049\"},\"image\":{\"@id\":\"https:\\\/\\\/www.vom-taubertal.de\\\/blog\\\/produktvorstellung-die-neuen-kissen-von-mykotty-taubertalperser\\\/#primaryimage\"},\"thumbnailUrl\":\"https:\\\/\\\/i0.wp.com\\\/www.vom-taubertal.de\\\/blog\\\/wp-content\\\/uploads\\\/2016\\\/11\\\/gutenachtladies.jpg?fit=800%2C533&quality=100&ssl=1\",\"keywords\":[\"Emi\",\"Kissen\",\"MyKotty\",\"Padi\",\"Produkttest\",\"Produktvorstellung\",\"Taubertalperser\"],\"articleSection\":{\"1\":\"Produktvorstellung\"},\"inLanguage\":\"de\"},{\"@type\":\"WebPage\",\"@id\":\"https:\\\/\\\/www.vom-taubertal.de\\\/blog\\\/produktvorstellung-die-neuen-kissen-von-mykotty-taubertalperser\\\/\",\"url\":\"https:\\\/\\\/www.vom-taubertal.de\\\/blog\\\/produktvorstellung-die-neuen-kissen-von-mykotty-taubertalperser\\\/\",\"name\":\"Produktvorstellung: Emi und Padi - die neuen Kissen von MyKotty\",\"isPartOf\":{\"@id\":\"https:\\\/\\\/www.vom-taubertal.de\\\/blog\\\/#website\"},\"primaryImageOfPage\":{\"@id\":\"https:\\\/\\\/www.vom-taubertal.de\\\/blog\\\/produktvorstellung-die-neuen-kissen-von-mykotty-taubertalperser\\\/#primaryimage\"},\"image\":{\"@id\":\"https:\\\/\\\/www.vom-taubertal.de\\\/blog\\\/produktvorstellung-die-neuen-kissen-von-mykotty-taubertalperser\\\/#primaryimage\"},\"thumbnailUrl\":\"https:\\\/\\\/i0.wp.com\\\/www.vom-taubertal.de\\\/blog\\\/wp-content\\\/uploads\\\/2016\\\/11\\\/gutenachtladies.jpg?fit=800%2C533&quality=100&ssl=1\",\"datePublished\":\"2016-12-02T02:35:57+00:00\",\"dateModified\":\"2020-01-27T18:43:31+00:00\",\"description\":\"MyKotty hat rechtzeitig vor Weihnachten zwei ganz tolle neue Kissen auf den Markt gebracht. Was die Taubertalperser von Emi und Padi halten lest hier...\",\"breadcrumb\":{\"@id\":\"https:\\\/\\\/www.vom-taubertal.de\\\/blog\\\/produktvorstellung-die-neuen-kissen-von-mykotty-taubertalperser\\\/#breadcrumb\"},\"inLanguage\":\"de\",\"potentialAction\":[{\"@type\":\"ReadAction\",\"target\":[\"https:\\\/\\\/www.vom-taubertal.de\\\/blog\\\/produktvorstellung-die-neuen-kissen-von-mykotty-taubertalperser\\\/\"]}]},{\"@type\":\"ImageObject\",\"inLanguage\":\"de\",\"@id\":\"https:\\\/\\\/www.vom-taubertal.de\\\/blog\\\/produktvorstellung-die-neuen-kissen-von-mykotty-taubertalperser\\\/#primaryimage\",\"url\":\"https:\\\/\\\/i0.wp.com\\\/www.vom-taubertal.de\\\/blog\\\/wp-content\\\/uploads\\\/2016\\\/11\\\/gutenachtladies.jpg?fit=800%2C533&quality=100&ssl=1\",\"contentUrl\":\"https:\\\/\\\/i0.wp.com\\\/www.vom-taubertal.de\\\/blog\\\/wp-content\\\/uploads\\\/2016\\\/11\\\/gutenachtladies.jpg?fit=800%2C533&quality=100&ssl=1\",\"width\":800,\"height\":533},{\"@type\":\"BreadcrumbList\",\"@id\":\"https:\\\/\\\/www.vom-taubertal.de\\\/blog\\\/produktvorstellung-die-neuen-kissen-von-mykotty-taubertalperser\\\/#breadcrumb\",\"itemListElement\":[{\"@type\":\"ListItem\",\"position\":1,\"name\":\"Home\",\"item\":\"https:\\\/\\\/www.vom-taubertal.de\\\/blog\\\/\"},{\"@type\":\"ListItem\",\"position\":2,\"name\":\"Produktvorstellung: Die neuen Kissen von MyKotty \u2013 Taubertalperser\"}]},{\"@type\":\"WebSite\",\"@id\":\"https:\\\/\\\/www.vom-taubertal.de\\\/blog\\\/#website\",\"url\":\"https:\\\/\\\/www.vom-taubertal.de\\\/blog\\\/\",\"name\":\"Die Taubertalperser\",\"description\":\"Alles \u00fcber und f\u00fcr Katzen \",\"publisher\":{\"@id\":\"https:\\\/\\\/www.vom-taubertal.de\\\/blog\\\/#\\\/schema\\\/person\\\/368654e092f5785df440fe834ecc3049\"},\"potentialAction\":[{\"@type\":\"SearchAction\",\"target\":{\"@type\":\"EntryPoint\",\"urlTemplate\":\"https:\\\/\\\/www.vom-taubertal.de\\\/blog\\\/?s={search_term_string}\"},\"query-input\":{\"@type\":\"PropertyValueSpecification\",\"valueRequired\":true,\"valueName\":\"search_term_string\"}}],\"inLanguage\":\"de\"},{\"@type\":[\"Person\",\"Organization\"],\"@id\":\"https:\\\/\\\/www.vom-taubertal.de\\\/blog\\\/#\\\/schema\\\/person\\\/368654e092f5785df440fe834ecc3049\",\"name\":\"afrank\",\"image\":{\"@type\":\"ImageObject\",\"inLanguage\":\"de\",\"@id\":\"https:\\\/\\\/www.vom-taubertal.de\\\/blog\\\/wp-content\\\/uploads\\\/2019\\\/03\\\/Andrea_Dividi_02.jpg\",\"url\":\"https:\\\/\\\/www.vom-taubertal.de\\\/blog\\\/wp-content\\\/uploads\\\/2019\\\/03\\\/Andrea_Dividi_02.jpg\",\"contentUrl\":\"https:\\\/\\\/www.vom-taubertal.de\\\/blog\\\/wp-content\\\/uploads\\\/2019\\\/03\\\/Andrea_Dividi_02.jpg\",\"width\":653,\"height\":800,\"caption\":\"afrank\"},\"logo\":{\"@id\":\"https:\\\/\\\/www.vom-taubertal.de\\\/blog\\\/wp-content\\\/uploads\\\/2019\\\/03\\\/Andrea_Dividi_02.jpg\"}}]}<\/script>\n<!-- \/ Yoast SEO plugin. -->","yoast_head_json":{"title":"Produktvorstellung: Emi und Padi - die neuen Kissen von MyKotty","description":"MyKotty hat rechtzeitig vor Weihnachten zwei ganz tolle neue Kissen auf den Markt gebracht. Was die Taubertalperser von Emi und Padi halten lest hier...","robots":{"index":"index","follow":"follow","max-snippet":"max-snippet:-1","max-image-preview":"max-image-preview:large","max-video-preview":"max-video-preview:-1"},"canonical":"https:\/\/www.vom-taubertal.de\/blog\/produktvorstellung-die-neuen-kissen-von-mykotty-taubertalperser\/","og_locale":"de_DE","og_type":"article","og_title":"Produktvorstellung: Emi und Padi - die neuen Kissen von MyKotty","og_description":"MyKotty hat rechtzeitig vor Weihnachten zwei ganz tolle neue Kissen auf den Markt gebracht. Was die Taubertalperser von Emi und Padi halten lest hier...","og_url":"https:\/\/www.vom-taubertal.de\/blog\/produktvorstellung-die-neuen-kissen-von-mykotty-taubertalperser\/","og_site_name":"Die Taubertalperser","article_published_time":"2016-12-02T02:35:57+00:00","article_modified_time":"2020-01-27T18:43:31+00:00","og_image":[{"width":800,"height":533,"url":"https:\/\/www.vom-taubertal.de\/blog\/wp-content\/uploads\/2016\/11\/gutenachtladies.jpg","type":"image\/jpeg"}],"author":"afrank","twitter_misc":{"Verfasst von":"afrank","Gesch\u00e4tzte Lesezeit":"4\u00a0Minuten"},"schema":{"@context":"https:\/\/schema.org","@graph":[{"@type":"Article","@id":"https:\/\/www.vom-taubertal.de\/blog\/produktvorstellung-die-neuen-kissen-von-mykotty-taubertalperser\/#article","isPartOf":{"@id":"https:\/\/www.vom-taubertal.de\/blog\/produktvorstellung-die-neuen-kissen-von-mykotty-taubertalperser\/"},"author":{"name":"afrank","@id":"https:\/\/www.vom-taubertal.de\/blog\/#\/schema\/person\/368654e092f5785df440fe834ecc3049"},"headline":"Produktvorstellung: Die neuen Kissen von MyKotty \u2013 Taubertalperser","datePublished":"2016-12-02T02:35:57+00:00","dateModified":"2020-01-27T18:43:31+00:00","mainEntityOfPage":{"@id":"https:\/\/www.vom-taubertal.de\/blog\/produktvorstellung-die-neuen-kissen-von-mykotty-taubertalperser\/"},"wordCount":904,"publisher":{"@id":"https:\/\/www.vom-taubertal.de\/blog\/#\/schema\/person\/368654e092f5785df440fe834ecc3049"},"image":{"@id":"https:\/\/www.vom-taubertal.de\/blog\/produktvorstellung-die-neuen-kissen-von-mykotty-taubertalperser\/#primaryimage"},"thumbnailUrl":"https:\/\/i0.wp.com\/www.vom-taubertal.de\/blog\/wp-content\/uploads\/2016\/11\/gutenachtladies.jpg?fit=800%2C533&quality=100&ssl=1","keywords":["Emi","Kissen","MyKotty","Padi","Produkttest","Produktvorstellung","Taubertalperser"],"articleSection":{"1":"Produktvorstellung"},"inLanguage":"de"},{"@type":"WebPage","@id":"https:\/\/www.vom-taubertal.de\/blog\/produktvorstellung-die-neuen-kissen-von-mykotty-taubertalperser\/","url":"https:\/\/www.vom-taubertal.de\/blog\/produktvorstellung-die-neuen-kissen-von-mykotty-taubertalperser\/","name":"Produktvorstellung: Emi und Padi - die neuen Kissen von MyKotty","isPartOf":{"@id":"https:\/\/www.vom-taubertal.de\/blog\/#website"},"primaryImageOfPage":{"@id":"https:\/\/www.vom-taubertal.de\/blog\/produktvorstellung-die-neuen-kissen-von-mykotty-taubertalperser\/#primaryimage"},"image":{"@id":"https:\/\/www.vom-taubertal.de\/blog\/produktvorstellung-die-neuen-kissen-von-mykotty-taubertalperser\/#primaryimage"},"thumbnailUrl":"https:\/\/i0.wp.com\/www.vom-taubertal.de\/blog\/wp-content\/uploads\/2016\/11\/gutenachtladies.jpg?fit=800%2C533&quality=100&ssl=1","datePublished":"2016-12-02T02:35:57+00:00","dateModified":"2020-01-27T18:43:31+00:00","description":"MyKotty hat rechtzeitig vor Weihnachten zwei ganz tolle neue Kissen auf den Markt gebracht. Was die Taubertalperser von Emi und Padi halten lest hier...","breadcrumb":{"@id":"https:\/\/www.vom-taubertal.de\/blog\/produktvorstellung-die-neuen-kissen-von-mykotty-taubertalperser\/#breadcrumb"},"inLanguage":"de","potentialAction":[{"@type":"ReadAction","target":["https:\/\/www.vom-taubertal.de\/blog\/produktvorstellung-die-neuen-kissen-von-mykotty-taubertalperser\/"]}]},{"@type":"ImageObject","inLanguage":"de","@id":"https:\/\/www.vom-taubertal.de\/blog\/produktvorstellung-die-neuen-kissen-von-mykotty-taubertalperser\/#primaryimage","url":"https:\/\/i0.wp.com\/www.vom-taubertal.de\/blog\/wp-content\/uploads\/2016\/11\/gutenachtladies.jpg?fit=800%2C533&quality=100&ssl=1","contentUrl":"https:\/\/i0.wp.com\/www.vom-taubertal.de\/blog\/wp-content\/uploads\/2016\/11\/gutenachtladies.jpg?fit=800%2C533&quality=100&ssl=1","width":800,"height":533},{"@type":"BreadcrumbList","@id":"https:\/\/www.vom-taubertal.de\/blog\/produktvorstellung-die-neuen-kissen-von-mykotty-taubertalperser\/#breadcrumb","itemListElement":[{"@type":"ListItem","position":1,"name":"Home","item":"https:\/\/www.vom-taubertal.de\/blog\/"},{"@type":"ListItem","position":2,"name":"Produktvorstellung: Die neuen Kissen von MyKotty \u2013 Taubertalperser"}]},{"@type":"WebSite","@id":"https:\/\/www.vom-taubertal.de\/blog\/#website","url":"https:\/\/www.vom-taubertal.de\/blog\/","name":"Die Taubertalperser","description":"Alles \u00fcber und f\u00fcr Katzen ","publisher":{"@id":"https:\/\/www.vom-taubertal.de\/blog\/#\/schema\/person\/368654e092f5785df440fe834ecc3049"},"potentialAction":[{"@type":"SearchAction","target":{"@type":"EntryPoint","urlTemplate":"https:\/\/www.vom-taubertal.de\/blog\/?s={search_term_string}"},"query-input":{"@type":"PropertyValueSpecification","valueRequired":true,"valueName":"search_term_string"}}],"inLanguage":"de"},{"@type":["Person","Organization"],"@id":"https:\/\/www.vom-taubertal.de\/blog\/#\/schema\/person\/368654e092f5785df440fe834ecc3049","name":"afrank","image":{"@type":"ImageObject","inLanguage":"de","@id":"https:\/\/www.vom-taubertal.de\/blog\/wp-content\/uploads\/2019\/03\/Andrea_Dividi_02.jpg","url":"https:\/\/www.vom-taubertal.de\/blog\/wp-content\/uploads\/2019\/03\/Andrea_Dividi_02.jpg","contentUrl":"https:\/\/www.vom-taubertal.de\/blog\/wp-content\/uploads\/2019\/03\/Andrea_Dividi_02.jpg","width":653,"height":800,"caption":"afrank"},"logo":{"@id":"https:\/\/www.vom-taubertal.de\/blog\/wp-content\/uploads\/2019\/03\/Andrea_Dividi_02.jpg"}}]}},"jetpack_publicize_connections":[],"jetpack_featured_media_url":"https:\/\/i0.wp.com\/www.vom-taubertal.de\/blog\/wp-content\/uploads\/2016\/11\/gutenachtladies.jpg?fit=800%2C533&quality=100&ssl=1","jetpack_sharing_enabled":true,"_links":{"self":[{"href":"https:\/\/www.vom-taubertal.de\/blog\/wp-json\/wp\/v2\/posts\/16266","targetHints":{"allow":["GET"]}}],"collection":[{"href":"https:\/\/www.vom-taubertal.de\/blog\/wp-json\/wp\/v2\/posts"}],"about":[{"href":"https:\/\/www.vom-taubertal.de\/blog\/wp-json\/wp\/v2\/types\/post"}],"author":[{"embeddable":true,"href":"https:\/\/www.vom-taubertal.de\/blog\/wp-json\/wp\/v2\/users\/1"}],"replies":[{"embeddable":true,"href":"https:\/\/www.vom-taubertal.de\/blog\/wp-json\/wp\/v2\/comments?post=16266"}],"version-history":[{"count":14,"href":"https:\/\/www.vom-taubertal.de\/blog\/wp-json\/wp\/v2\/posts\/16266\/revisions"}],"predecessor-version":[{"id":16284,"href":"https:\/\/www.vom-taubertal.de\/blog\/wp-json\/wp\/v2\/posts\/16266\/revisions\/16284"}],"wp:featuredmedia":[{"embeddable":true,"href":"https:\/\/www.vom-taubertal.de\/blog\/wp-json\/wp\/v2\/media\/16267"}],"wp:attachment":[{"href":"https:\/\/www.vom-taubertal.de\/blog\/wp-json\/wp\/v2\/media?parent=16266"}],"wp:term":[{"taxonomy":"category","embeddable":true,"href":"https:\/\/www.vom-taubertal.de\/blog\/wp-json\/wp\/v2\/categories?post=16266"},{"taxonomy":"post_tag","embeddable":true,"href":"https:\/\/www.vom-taubertal.de\/blog\/wp-json\/wp\/v2\/tags?post=16266"}],"curies":[{"name":"wp","href":"https:\/\/api.w.org\/{rel}","templated":true}]}}