{"id":26921,"date":"2019-08-09T14:28:05","date_gmt":"2019-08-09T12:28:05","guid":{"rendered":"https:\/\/www.vom-taubertal.de\/blog\/?p=26921"},"modified":"2019-08-27T21:34:10","modified_gmt":"2019-08-27T19:34:10","slug":"einmal-kurz-die-seele-baumeln-lassen-und-entspannen","status":"publish","type":"post","link":"https:\/\/www.vom-taubertal.de\/blog\/einmal-kurz-die-seele-baumeln-lassen-und-entspannen\/","title":{"rendered":"Einmal kurz die Seele baumeln lassen und entspannen"},"content":{"rendered":"<p>Entspannen im Thermenhotel Quellenhof \u2013 da war es wieder das magische Zauberwort. Wir nehmen uns f\u00fcr ein ordentliches entspannen tats\u00e4chlich viel zu wenig Zeit, ein Termin nach dem anderen und permanent geistern einem im Kopf so diverse Ideen herum.<br \/>\n<!--more-->Ideen f\u00fcr den Blog, den Garten, den Job und vieles mehr.<\/p>\n<p>Kein Wunder das man sich hin- und wieder etwas ausgebrannt f\u00fchlt und man nach einer Entspannung lechzt.<\/p>\n<div id=\"ez-toc-container\" class=\"ez-toc-v2_0_82_2 counter-hierarchy ez-toc-counter ez-toc-grey ez-toc-container-direction\">\n<div class=\"ez-toc-title-container\">\n<p class=\"ez-toc-title\" style=\"cursor:inherit\">Inhaltsverzeichnis<\/p>\n<span class=\"ez-toc-title-toggle\"><a href=\"#\" class=\"ez-toc-pull-right ez-toc-btn ez-toc-btn-xs ez-toc-btn-default ez-toc-toggle\" aria-label=\"Toggle Table of Content\"><span class=\"ez-toc-js-icon-con\"><span class=\"\"><span class=\"eztoc-hide\" style=\"display:none;\">Toggle<\/span><span class=\"ez-toc-icon-toggle-span\"><svg style=\"fill: #999;color:#999\" xmlns=\"http:\/\/www.w3.org\/2000\/svg\" class=\"list-377408\" width=\"20px\" height=\"20px\" viewBox=\"0 0 24 24\" fill=\"none\"><path d=\"M6 6H4v2h2V6zm14 0H8v2h12V6zM4 11h2v2H4v-2zm16 0H8v2h12v-2zM4 16h2v2H4v-2zm16 0H8v2h12v-2z\" fill=\"currentColor\"><\/path><\/svg><svg style=\"fill: #999;color:#999\" class=\"arrow-unsorted-368013\" xmlns=\"http:\/\/www.w3.org\/2000\/svg\" width=\"10px\" height=\"10px\" viewBox=\"0 0 24 24\" version=\"1.2\" baseProfile=\"tiny\"><path d=\"M18.2 9.3l-6.2-6.3-6.2 6.3c-.2.2-.3.4-.3.7s.1.5.3.7c.2.2.4.3.7.3h11c.3 0 .5-.1.7-.3.2-.2.3-.5.3-.7s-.1-.5-.3-.7zM5.8 14.7l6.2 6.3 6.2-6.3c.2-.2.3-.5.3-.7s-.1-.5-.3-.7c-.2-.2-.4-.3-.7-.3h-11c-.3 0-.5.1-.7.3-.2.2-.3.5-.3.7s.1.5.3.7z\"\/><\/svg><\/span><\/span><\/span><\/a><\/span><\/div>\n<nav><ul class='ez-toc-list ez-toc-list-level-1 ' ><li class='ez-toc-page-1 ez-toc-heading-level-3'><a class=\"ez-toc-link ez-toc-heading-1\" href=\"https:\/\/www.vom-taubertal.de\/blog\/einmal-kurz-die-seele-baumeln-lassen-und-entspannen\/#Entspannen_in_Bad_Fuessing\" >Entspannen in Bad F\u00fcssing<\/a><\/li><li class='ez-toc-page-1 ez-toc-heading-level-3'><a class=\"ez-toc-link ez-toc-heading-2\" href=\"https:\/\/www.vom-taubertal.de\/blog\/einmal-kurz-die-seele-baumeln-lassen-und-entspannen\/#Das_Thermenhotel_Quellenhof\" >Das Thermenhotel Quellenhof<\/a><\/li><li class='ez-toc-page-1 ez-toc-heading-level-3'><a class=\"ez-toc-link ez-toc-heading-3\" href=\"https:\/\/www.vom-taubertal.de\/blog\/einmal-kurz-die-seele-baumeln-lassen-und-entspannen\/#Die_wichtigste_Mahlzeit_des_Tages\" >Die wichtigste Mahlzeit des Tages<\/a><\/li><li class='ez-toc-page-1 ez-toc-heading-level-3'><a class=\"ez-toc-link ez-toc-heading-4\" href=\"https:\/\/www.vom-taubertal.de\/blog\/einmal-kurz-die-seele-baumeln-lassen-und-entspannen\/#Entspannen_im_Wintergarten\" >Entspannen im Wintergarten<\/a><\/li><li class='ez-toc-page-1 ez-toc-heading-level-3'><a class=\"ez-toc-link ez-toc-heading-5\" href=\"https:\/\/www.vom-taubertal.de\/blog\/einmal-kurz-die-seele-baumeln-lassen-und-entspannen\/#Was_das_Thermenhotel_Quellenhof_so_bietet\" >Was das Thermenhotel Quellenhof so bietet<\/a><\/li><li class='ez-toc-page-1 ez-toc-heading-level-3'><a class=\"ez-toc-link ez-toc-heading-6\" href=\"https:\/\/www.vom-taubertal.de\/blog\/einmal-kurz-die-seele-baumeln-lassen-und-entspannen\/#Anschrift_und_Lage_des_Thermenhotels_Quellenhof\" >Anschrift und Lage des Thermenhotels Quellenhof<\/a><\/li><li class='ez-toc-page-1 ez-toc-heading-level-3'><a class=\"ez-toc-link ez-toc-heading-7\" href=\"https:\/\/www.vom-taubertal.de\/blog\/einmal-kurz-die-seele-baumeln-lassen-und-entspannen\/#Ausfluege_und_Abendgestaltung\" >Ausfl\u00fcge und Abendgestaltung<\/a><\/li><\/ul><\/nav><\/div>\n<h3><span class=\"ez-toc-section\" id=\"Entspannen_in_Bad_Fuessing\"><\/span>Entspannen in Bad F\u00fcssing<span class=\"ez-toc-section-end\"><\/span><\/h3>\n<p><a href=\"https:\/\/i0.wp.com\/www.vom-taubertal.de\/blog\/wp-content\/uploads\/2019\/06\/Thermenhotel-Quellenhof-Taubertalperser-Reception.jpg?quality=100&#038;ssl=1\"><img data-recalc-dims=\"1\" loading=\"lazy\" decoding=\"async\" class=\"aligncenter size-full wp-image-26924\" src=\"https:\/\/i0.wp.com\/www.vom-taubertal.de\/blog\/wp-content\/uploads\/2019\/06\/Thermenhotel-Quellenhof-Taubertalperser-Reception.jpg?resize=800%2C533&#038;quality=100&#038;ssl=1\" alt=\"Thermenhotel Quellenhof, Bad F\u00fcssing, Taubertalperser, Reisen, Travel, Entspannung, Wellness\" width=\"800\" height=\"533\" srcset=\"https:\/\/i0.wp.com\/www.vom-taubertal.de\/blog\/wp-content\/uploads\/2019\/06\/Thermenhotel-Quellenhof-Taubertalperser-Reception.jpg?w=800&amp;quality=100&amp;ssl=1 800w, https:\/\/i0.wp.com\/www.vom-taubertal.de\/blog\/wp-content\/uploads\/2019\/06\/Thermenhotel-Quellenhof-Taubertalperser-Reception.jpg?resize=300%2C200&amp;quality=100&amp;ssl=1 300w, https:\/\/i0.wp.com\/www.vom-taubertal.de\/blog\/wp-content\/uploads\/2019\/06\/Thermenhotel-Quellenhof-Taubertalperser-Reception.jpg?resize=768%2C512&amp;quality=100&amp;ssl=1 768w\" sizes=\"auto, (max-width: 800px) 100vw, 800px\" \/><\/a><\/p>\n<p>Im Fr\u00fchjahr durften wir meine Schwiegermutter nach Bad F\u00fcssing zur Kur bringen und wir nutzten diese Gelegenheit auf ein paar entspannende Tage in dem Thermenhotel Quellenhof. Ein klein wenig abschalten vom Trubel der vergangenen Tage, ein wenig erholen von diversen Strapazen der vergangenen Wochen.<\/p>\n<p>Von uns ist Bad F\u00fcssing ausgesprochen gut zu erreichen, rauf auf die Autobahn A3 und knappe 350km sp\u00e4ter ist man schon an seinem Zielort angelangt.<\/p>\n<p>Die Parkplatzsituation beim Thermenhotel ist ausgesprochen gut und erfreulich. Hier hat man die Wahl zwischen kostenfreien Outdoorparkpl\u00e4tzen oder Tiefgaragenparkpl\u00e4tzen<br \/>\n(Achtung: Da es hier sehr l\u00e4ndlich ist, laufen nat\u00fcrlich auch Mader &amp; Co herum \u2013 sollte man einfach bedenken bei der Wahl seines Parkplatzes)<\/p>\n<p>Wir waren nun zum zweiten Mal bereits hier und jedes Mal freue ich mich wieder \u00fcber den ausgesprochen herzlichen, famili\u00e4ren Empfang und G\u00e4sten, die das Hotel noch nicht kennen wird gleich eine Hotelf\u00fchrung angeboten. Macht im \u00dcbrigen tats\u00e4chlich Sinn, ich h\u00e4tte sonst nie die ausgesprochen gut sortierte Bibliothek oder auch den kleinen Laden gesehen.<\/p>\n<h3><span class=\"ez-toc-section\" id=\"Das_Thermenhotel_Quellenhof\"><\/span>Das Thermenhotel Quellenhof<span class=\"ez-toc-section-end\"><\/span><\/h3>\n<p><a href=\"https:\/\/i0.wp.com\/www.vom-taubertal.de\/blog\/wp-content\/uploads\/2019\/06\/Thermenhotel-Quellenhof-Zimmer-Taubertalperser.jpg?quality=100&#038;ssl=1\"><img data-recalc-dims=\"1\" loading=\"lazy\" decoding=\"async\" class=\"aligncenter size-full wp-image-26925\" src=\"https:\/\/i0.wp.com\/www.vom-taubertal.de\/blog\/wp-content\/uploads\/2019\/06\/Thermenhotel-Quellenhof-Zimmer-Taubertalperser.jpg?resize=800%2C533&#038;quality=100&#038;ssl=1\" alt=\"Thermenhotel Quellenhof, Bad F\u00fcssing, Taubertalperser, Reisen, Travel, Entspannung, Wellness\" width=\"800\" height=\"533\" srcset=\"https:\/\/i0.wp.com\/www.vom-taubertal.de\/blog\/wp-content\/uploads\/2019\/06\/Thermenhotel-Quellenhof-Zimmer-Taubertalperser.jpg?w=800&amp;quality=100&amp;ssl=1 800w, https:\/\/i0.wp.com\/www.vom-taubertal.de\/blog\/wp-content\/uploads\/2019\/06\/Thermenhotel-Quellenhof-Zimmer-Taubertalperser.jpg?resize=300%2C200&amp;quality=100&amp;ssl=1 300w, https:\/\/i0.wp.com\/www.vom-taubertal.de\/blog\/wp-content\/uploads\/2019\/06\/Thermenhotel-Quellenhof-Zimmer-Taubertalperser.jpg?resize=768%2C512&amp;quality=100&amp;ssl=1 768w\" sizes=\"auto, (max-width: 800px) 100vw, 800px\" \/><\/a>Das \u00e4u\u00dferst zentral gelegene Thermenhotel Quellenhof in der Kurstadt Bad F\u00fcssing verf\u00fcgt \u00fcber einen &nbsp;Innenpool &nbsp;als auch einen Au\u00dfenpool. Und der Whirlpool ist auch etwas total Feines.<\/p>\n<p>Zur Ausstattung dieses Thermenhotels geh\u00f6rt neben einer Salzgrotte und dem &nbsp;Tepidarium auch eine Edelsteingrotte, die mich absolut begeisterte. Es war so eine angenehme Atmosph\u00e4re darin. Da konnte man es eindeutig l\u00e4nger aushalten.<\/p>\n<p>Die 65 \u00e4u\u00dferst geschmackvoll eingerichteten Zimmer verf\u00fcgen alle \u00fcber einen Balkon, einen Sitzbereich, einen Flachbild-Sat-TV und ein eigenes Bad mit einem Haartrockner. Alle G\u00e4ste erhalten bei der Ankunft kostenfrei eine Wasserflasche und eine Obstschale und noch das eine oder andere s\u00fc\u00dfe Teilchen J<\/p>\n<p>Zus\u00e4tzlich findet man in seinem Zimmer auch noch eine Badetasche mit Badelaken und im Schrank h\u00e4ngt ein Frottierbademantel den man gleich zu seinem Besuch in der Therme nutzen kann.<\/p>\n<h3><span class=\"ez-toc-section\" id=\"Die_wichtigste_Mahlzeit_des_Tages\"><\/span>Die wichtigste Mahlzeit des Tages<span class=\"ez-toc-section-end\"><\/span><\/h3>\n<p><a href=\"https:\/\/i0.wp.com\/www.vom-taubertal.de\/blog\/wp-content\/uploads\/2019\/06\/Thermenhotel-Quellenhof-Fruehstueck-Taubertalperser.jpg?quality=100&#038;ssl=1\"><img data-recalc-dims=\"1\" loading=\"lazy\" decoding=\"async\" class=\"aligncenter size-full wp-image-26926\" src=\"https:\/\/i0.wp.com\/www.vom-taubertal.de\/blog\/wp-content\/uploads\/2019\/06\/Thermenhotel-Quellenhof-Fruehstueck-Taubertalperser.jpg?resize=800%2C533&#038;quality=100&#038;ssl=1\" alt=\"Thermenhotel Quellenhof, Bad F\u00fcssing, Taubertalperser, Reisen, Travel, Entspannung, Wellness\" width=\"800\" height=\"533\" srcset=\"https:\/\/i0.wp.com\/www.vom-taubertal.de\/blog\/wp-content\/uploads\/2019\/06\/Thermenhotel-Quellenhof-Fruehstueck-Taubertalperser.jpg?w=800&amp;quality=100&amp;ssl=1 800w, https:\/\/i0.wp.com\/www.vom-taubertal.de\/blog\/wp-content\/uploads\/2019\/06\/Thermenhotel-Quellenhof-Fruehstueck-Taubertalperser.jpg?resize=300%2C200&amp;quality=100&amp;ssl=1 300w, https:\/\/i0.wp.com\/www.vom-taubertal.de\/blog\/wp-content\/uploads\/2019\/06\/Thermenhotel-Quellenhof-Fruehstueck-Taubertalperser.jpg?resize=768%2C512&amp;quality=100&amp;ssl=1 768w\" sizes=\"auto, (max-width: 800px) 100vw, 800px\" \/><\/a><\/p>\n<p>Etwas, das f\u00fcr mich pers\u00f6nlich immer enorm wichtig ist, ist das Fr\u00fchst\u00fcck in diversen Hotels. Ich liebe es mir hier alles M\u00f6gliche zusammenzustellen, mal fett und kalorienreich, mal gesund und vital. Je nach Lust und Laune und hier bietet das Thermenhotel Quellenhof wirklich f\u00fcr jede Laune etwas. Sei es typisch bayrisch mit einem leckeren Paar Wei\u00dfw\u00fcrste und einer frischen Brez\u2018n oder aber eher rustikal mit Eier und Speck.<br \/>\nAber auch Obst, diverse Kuchen oder andere Leckereien lassen den Tag wirklich gut beginnen und das der Kaffee auch noch ausgezeichnet schmeckt ist f\u00fcr mich ein besonders wichtiges Kriterium.<\/p>\n<h3><span class=\"ez-toc-section\" id=\"Entspannen_im_Wintergarten\"><\/span>Entspannen im Wintergarten<span class=\"ez-toc-section-end\"><\/span><\/h3>\n<p><a href=\"https:\/\/i0.wp.com\/www.vom-taubertal.de\/blog\/wp-content\/uploads\/2019\/06\/Thermenhotel-Quellenhof-Wintergarten-Taubertalperser.jpg?quality=100&#038;ssl=1\"><img data-recalc-dims=\"1\" loading=\"lazy\" decoding=\"async\" class=\"aligncenter size-full wp-image-26927\" src=\"https:\/\/i0.wp.com\/www.vom-taubertal.de\/blog\/wp-content\/uploads\/2019\/06\/Thermenhotel-Quellenhof-Wintergarten-Taubertalperser.jpg?resize=800%2C533&#038;quality=100&#038;ssl=1\" alt=\"Thermenhotel Quellenhof, Bad F\u00fcssing, Taubertalperser, Reisen, Travel, Entspannung, Wellness\" width=\"800\" height=\"533\" srcset=\"https:\/\/i0.wp.com\/www.vom-taubertal.de\/blog\/wp-content\/uploads\/2019\/06\/Thermenhotel-Quellenhof-Wintergarten-Taubertalperser.jpg?w=800&amp;quality=100&amp;ssl=1 800w, https:\/\/i0.wp.com\/www.vom-taubertal.de\/blog\/wp-content\/uploads\/2019\/06\/Thermenhotel-Quellenhof-Wintergarten-Taubertalperser.jpg?resize=300%2C200&amp;quality=100&amp;ssl=1 300w, https:\/\/i0.wp.com\/www.vom-taubertal.de\/blog\/wp-content\/uploads\/2019\/06\/Thermenhotel-Quellenhof-Wintergarten-Taubertalperser.jpg?resize=768%2C512&amp;quality=100&amp;ssl=1 768w\" sizes=\"auto, (max-width: 800px) 100vw, 800px\" \/><\/a><\/p>\n<p>Der wundersch\u00f6ne Garten oder auch der Wintergarten laden einen dazu ein hier sich mit einem guten Buch zur\u00fcckzuziehen.<\/p>\n<p>Beides \u00e4u\u00dferst geschmackvoll angelegt ist es hier ausgesprochen ruhig und angenehm. Nur der Wintergarten war f\u00fcr mich \u00e4u\u00dferst \u201egef\u00e4hrlich\u201c dank der sanften Musik habe ich keine 5 Seiten eines Buches geschafft \u2013 sehr schnell wurde ich hier \u00e4u\u00dferst schl\u00e4frig allerdings k\u00f6nnte dies auch am ausgedehnten Fr\u00fchst\u00fcck gelegen haben J<\/p>\n<h3><span class=\"ez-toc-section\" id=\"Was_das_Thermenhotel_Quellenhof_so_bietet\"><\/span>Was das Thermenhotel Quellenhof so bietet<span class=\"ez-toc-section-end\"><\/span><\/h3>\n<p>So hier mal kurz zusammengefasst noch einmal das wesentliche :-)<\/p>\n<p><strong>Allgemein:<\/strong><\/p>\n<p>&nbsp;&nbsp;&nbsp; &#8211; Nichtraucherzimmer<br \/>\n&nbsp;&nbsp;&nbsp; &#8211; Zimmer\/ Einrichtungen f\u00fcr Behinderten<br \/>\n&nbsp;&nbsp;&nbsp; &#8211; Kostenlose Parkpl\u00e4tze<br \/>\n&nbsp;&nbsp;&nbsp; &#8211; Aufzug<br \/>\n&nbsp;&nbsp;&nbsp; &#8211; Safe<br \/>\n&nbsp;&nbsp;&nbsp; &#8211; WLAN<br \/>\n&nbsp;&nbsp;&nbsp; &#8211; Gep\u00e4ckaufbewahrung<br \/>\n&nbsp;&nbsp;&nbsp; &#8211; Rollstuhlzugang<br \/>\n&nbsp;&nbsp; &nbsp;&#8211; Warenautomaten<br \/>\n&nbsp;&nbsp;&nbsp; &#8211; Keine Haustiere erlaubt<br \/>\n&nbsp;&nbsp;&nbsp; &#8211; Alle Bereiche sind Nichtraucherzonen<\/p>\n<p>&nbsp;&nbsp;&nbsp; &#8211; Gesicherte Parkpl\u00e4tze<br \/>\n&nbsp;&nbsp;&nbsp; &#8211; Ladestation f\u00fcr Elektrofahrzeuge<\/p>\n<p><strong>Verpflegung:<\/strong><\/p>\n<p>&nbsp;&nbsp;&nbsp; &#8211; Wasserkocher<br \/>\n&nbsp;&nbsp;&nbsp; &#8211; Lunchpakete<br \/>\n&nbsp;&nbsp;&nbsp; &#8211; Men\u00fcs f\u00fcr spezielle Ern\u00e4hrungsbed\u00fcrfnisse<\/p>\n<p><strong>Sport und Freizeit:<\/strong><\/p>\n<p>&nbsp;&nbsp;&nbsp; &#8211; Spa- und Wellnesscenter<br \/>\n&nbsp;&nbsp;&nbsp; &#8211; Hallenbad<br \/>\n&nbsp;&nbsp;&nbsp; &#8211; Au\u00dfenschwimmbad<br \/>\n&nbsp;&nbsp;&nbsp; &#8211; Jacuzzi<br \/>\n&nbsp;&nbsp;&nbsp; &#8211; Solarium<br \/>\n&nbsp;&nbsp;&nbsp; &#8211; Massage<br \/>\n&nbsp;&nbsp;&nbsp; &#8211; Bibliothek<br \/>\n&nbsp;&nbsp;&nbsp; &#8211; Sonnenterrasse<br \/>\n&nbsp;&nbsp;&nbsp; &#8211; Garten<br \/>\n<strong>Annehmlichkeiten im Zimmer:<\/strong><\/p>\n<p>&nbsp;&nbsp;&nbsp; &#8211; Heizung<br \/>\n&nbsp;&nbsp;&nbsp; &#8211; AM\/FM-Radiowecker<br \/>\n&nbsp;&nbsp;&nbsp; &#8211; Sitzecke<br \/>\n&nbsp;&nbsp;&nbsp; &#8211; Terrasse \/Balkon<br \/>\n&nbsp;&nbsp;&nbsp; &#8211; Flachbildschirm-TV<br \/>\n&nbsp;&nbsp;&nbsp; &#8211; Teppichb\u00f6den<br \/>\n<!-- START ADVERTISER: Hotel.de DE\/AT from awin.com --><\/p>\n<p><a href=\"https:\/\/www.awin1.com\/cread.php?s=2352248&#038;v=16018&#038;q=358913&#038;r=557159\"><br \/>\n    <img decoding=\"async\" src=\"https:\/\/www.awin1.com\/cshow.php?s=2352248&#038;v=16018&#038;q=358913&#038;r=557159\" border=\"0\"><br \/>\n<\/a><\/p>\n<p><!-- END ADVERTISER: Hotel.de DE\/AT from awin.com --><\/p>\n<h3><span class=\"ez-toc-section\" id=\"Anschrift_und_Lage_des_Thermenhotels_Quellenhof\"><\/span>Anschrift und Lage des Thermenhotels Quellenhof<span class=\"ez-toc-section-end\"><\/span><\/h3>\n<p><a href=\"https:\/\/i0.wp.com\/www.vom-taubertal.de\/blog\/wp-content\/uploads\/2019\/06\/Thermenhotel-Quellenhof-Blick-Balkon.jpg?quality=100&#038;ssl=1\"><img data-recalc-dims=\"1\" loading=\"lazy\" decoding=\"async\" class=\"aligncenter size-full wp-image-26928\" src=\"https:\/\/i0.wp.com\/www.vom-taubertal.de\/blog\/wp-content\/uploads\/2019\/06\/Thermenhotel-Quellenhof-Blick-Balkon.jpg?resize=800%2C533&#038;quality=100&#038;ssl=1\" alt=\"Thermenhotel Quellenhof, Bad F\u00fcssing, Taubertalperser, Reisen, Travel, Entspannung, Wellness\" width=\"800\" height=\"533\" srcset=\"https:\/\/i0.wp.com\/www.vom-taubertal.de\/blog\/wp-content\/uploads\/2019\/06\/Thermenhotel-Quellenhof-Blick-Balkon.jpg?w=800&amp;quality=100&amp;ssl=1 800w, https:\/\/i0.wp.com\/www.vom-taubertal.de\/blog\/wp-content\/uploads\/2019\/06\/Thermenhotel-Quellenhof-Blick-Balkon.jpg?resize=300%2C200&amp;quality=100&amp;ssl=1 300w, https:\/\/i0.wp.com\/www.vom-taubertal.de\/blog\/wp-content\/uploads\/2019\/06\/Thermenhotel-Quellenhof-Blick-Balkon.jpg?resize=768%2C512&amp;quality=100&amp;ssl=1 768w\" sizes=\"auto, (max-width: 800px) 100vw, 800px\" \/><\/a><\/p>\n<p>Das Hotel (Dr. Koch Stra\u00dfe 2, 94072 Bad F\u00fcssing) &nbsp;ist ausgesprochen gut zu erreichen. Sowohl mit dem Auto als auch mit der Bahn \u2013 der Bahnhof ist gerade mal 500 Meter entfernt.<br \/>\nAber die Lage generell ist ausgezeichnet, knapp 1 km entfernt ist das Stadtzentrum und im Umkreis des Thermenhotels Quellenhof befinden sich zahlreiche ausgezeichnete Lokale.<\/p>\n<p>Und wer zu viel Geld hat oder haben m\u00f6chte, zur Spielbank ist es auch nicht allzu weit :-)<\/p>\n<h3><span class=\"ez-toc-section\" id=\"Ausfluege_und_Abendgestaltung\"><\/span>Ausfl\u00fcge und Abendgestaltung<span class=\"ez-toc-section-end\"><\/span><\/h3>\n<p>Das nahegelegene <strong>Schloss Katzenberg<\/strong> (Katzenberg 1, 4982 Katzenberg, \u00d6sterreich) ist speziell in der Vorweihnachtszeit, anl\u00e4sslich des Weihnachtsmarktes ein \u00e4u\u00dferst beliebtes Ausflugsziel aber auch im Sommer gibt es nat\u00fcrlich einiges zu entdecken.<\/p>\n<p>Wenn es schon nach Katze klingt muss man da nat\u00fcrlich hin und die Anschrift ist ja auch sensationell genug f\u00fcr uns Katzenliebhaber :-)<\/p>\n<p>Der wundersch\u00f6ne historische Marktplatz von <strong>Obernberg am Inn<\/strong> mit seinen sehr sch\u00f6n renovierten H\u00e4usern und Wegen bietet neben seinen tollen Fotomotiven Gelegenheit im Sommer in einem der Caf\u00e9s Platz zu nehmen und in Ruhe eine \u00f6sterreichische Kaffeespeziali\u00e4t zu genie\u00dfen \u2013 wie w\u00e4re es mit einer Tasse Melange oder einem Einsp\u00e4nner?<br \/>\nUnd auf der <strong>Burg Obernberg<\/strong> kann man eine Flugvorf\u00fchrung der \u00f6rtlichen Falknerei bewundern.<\/p>\n<p>Das f\u00fcr mich Exil-\u00d6sterreicherin die N\u00e4he zu \u00d6sterreich und den damit zwangsl\u00e4ufig vorhandenen Superm\u00e4rkten gegeben ist, verbindet man so einen Aufenthalt in Bad F\u00fcssing nat\u00fcrlich mit einem ausgedehnten Einkaufsbummel um sich mit diversen \u00f6sterreichischen K\u00f6stlichkeiten, die man aus Kindheitstagen noch kennt, einzudecken.<\/p>\n<p>Aber es gibt noch etwas in der Gegend um Bad F\u00fcssing, das uns Tierliebhaber furchtbar interessiert.<\/p>\n<p>Der <strong>Gnadenhof f\u00fcr B\u00e4ren<\/strong>, wenige Kilometer von Zentrum Bad F\u00fcssing entfernt, der zahlreichen gequ\u00e4lten und misshandelten B\u00e4ren aus Europa eine neue Heimat gibt.<\/p>\n<p>Wer kennt sie nicht die Bilder von geschundenen, gequ\u00e4lten B\u00e4ren. Dazu verdammt sich zu diversen Musikkl\u00e4ngen zu bewegen, gef\u00fchrt an einer schmerzhaft angebrachten Kette \u2026..<\/p>\n<p>Genau diese Tiere finden dort in diesem wohl gr\u00f6\u00dften und sichersten B\u00e4renpark Europas ihre neue Heimat und d\u00fcrfen nun das sein, was sie sind \u2013 B\u00e4ren.<\/p>\n<p>Auf einem rund 1,5km langen Rundweg um diesen Gnadenhof kann man die B\u00e4ren in ihrem neuen Lebensraum beobachten und hin- und wieder finden auch F\u00fchrungen statt. (Am B\u00e4renpark 7, 94072 Bad F\u00fcssing)<\/p>\n<p>Falls mal das Wetter nicht so mitspielt bietet sich ein Besuch des <strong>Bernsteinmuseums<\/strong> &nbsp;(Heilig-Geist-Str. 2, 94072 Bad F\u00fcssing) an oder Frau f\u00e4hrt einfach ins 6 km entfernte Pocking und kann dort nach Herzenslust einkaufen.<\/p>\n<p>Ein ganz hei\u00dfer Tipp ist hier das Outlet der Firma <strong>Winkelhofer<\/strong> (F\u00fcssinger Stra\u00dfe 4, 94060 Pocking) die Krawatten&nbsp; und&nbsp; wundersch\u00f6ne Halst\u00fccher herstellen.<\/p>\n<p>Abends, wenn der Tag sich zu Ende neigt geht man entweder gepflegt in einem der umliegenden Lokale ausgezeichnet essen, genie\u00dft den einen oder anderen Cocktail oder man f\u00e4hrt zur <strong>Erlebnisgastronomie Haslinger<\/strong>, der weit \u00fcber die Landesgrenzen hinaus bekannt ist.<\/p>\n<p>Alternativ leiht ihr euch ein Fahrrad aus und erkundet die Umgebung mit dem Rad und glaubt mir, es gibt hier unwahrscheinlich viel zu entdecken<\/p>\n<p><a href=\"https:\/\/i0.wp.com\/www.vom-taubertal.de\/blog\/wp-content\/uploads\/2019\/06\/Thermenhotel-Quellenhof-Sonnenuntergang-Baum.jpg?quality=100&#038;ssl=1\"><img data-recalc-dims=\"1\" loading=\"lazy\" decoding=\"async\" class=\"aligncenter size-full wp-image-26929\" src=\"https:\/\/i0.wp.com\/www.vom-taubertal.de\/blog\/wp-content\/uploads\/2019\/06\/Thermenhotel-Quellenhof-Sonnenuntergang-Baum.jpg?resize=800%2C533&#038;quality=100&#038;ssl=1\" alt=\"Thermenhotel Quellenhof, Bad F\u00fcssing, Taubertalperser, Reisen, Travel, Entspannung, Wellness\" width=\"800\" height=\"533\" srcset=\"https:\/\/i0.wp.com\/www.vom-taubertal.de\/blog\/wp-content\/uploads\/2019\/06\/Thermenhotel-Quellenhof-Sonnenuntergang-Baum.jpg?w=800&amp;quality=100&amp;ssl=1 800w, https:\/\/i0.wp.com\/www.vom-taubertal.de\/blog\/wp-content\/uploads\/2019\/06\/Thermenhotel-Quellenhof-Sonnenuntergang-Baum.jpg?resize=300%2C200&amp;quality=100&amp;ssl=1 300w, https:\/\/i0.wp.com\/www.vom-taubertal.de\/blog\/wp-content\/uploads\/2019\/06\/Thermenhotel-Quellenhof-Sonnenuntergang-Baum.jpg?resize=768%2C512&amp;quality=100&amp;ssl=1 768w\" sizes=\"auto, (max-width: 800px) 100vw, 800px\" \/><\/a><\/p>\n<p>Ihr merkt schon, ein Wochenende ist eindeutig viel zu kurz. Aber es brachte uns doch einiges an Entspannung.<\/p>\n<p>Wie entspannt ihr euch so? Habt ihr spezielle Tipps?<br \/>\n<script async=\"\" src=\"https:\/\/pagead2.googlesyndication.com\/pagead\/js\/adsbygoogle.js\"><\/script><br \/>\n<!-- Taubertal2 --><br \/>\n<ins class=\"adsbygoogle\" style=\"display: inline-block; width: 728px; height: 90px;\" data-ad-client=\"ca-pub-3363977028533397\" data-ad-slot=\"3730385664\"><\/ins><br \/>\n<script>\n     (adsbygoogle = window.adsbygoogle || []).push({});\n<\/script><\/p>\n","protected":false},"excerpt":{"rendered":"<p>Entspannen im Thermenhotel Quellenhof \u2013 da war es wieder das magische Zauberwort. Wir nehmen uns f\u00fcr ein ordentliches entspannen tats\u00e4chlich<\/p>\n","protected":false},"author":1,"featured_media":26923,"comment_status":"open","ping_status":"open","sticky":false,"template":"","format":"standard","meta":{"colormag_page_container_layout":"default_layout","colormag_page_sidebar_layout":"default_layout","sfsi_plus_gutenberg_text_before_share":"","sfsi_plus_gutenberg_show_text_before_share":"","sfsi_plus_gutenberg_icon_type":"","sfsi_plus_gutenberg_icon_alignemt":"","sfsi_plus_gutenburg_max_per_row":"","ngg_post_thumbnail":0,"_jetpack_memberships_contains_paid_content":false,"footnotes":"","jetpack_publicize_message":"Einmal kurz die Seele baumeln lassen und entspannen","jetpack_publicize_feature_enabled":true,"jetpack_social_post_already_shared":true,"jetpack_social_options":{"image_generator_settings":{"template":"highway","default_image_id":0,"font":"","enabled":false},"version":2},"_wpas_customize_per_network":false},"categories":[1,2142,1161,918,1634],"tags":[2155,2149,2156,2151,2153,2161,2154,2157,2152,165,2159,2162,2158,2160,2150,1767],"class_list":["post-26921","post","type-post","status-publish","format-standard","has-post-thumbnail","hentry","category-allgemein-katzen-perserkatzen-taubertalperser","category-deutschland","category-hotels","category-lifestyle","category-reisen","tag-ausfluege","tag-bad-fuessing","tag-baeren","tag-bayern","tag-bernsteinmuseum","tag-edelsteingrotte","tag-haslinger","tag-katzenburg","tag-niederbayern","tag-osterreich","tag-pocking","tag-salzgrotte","tag-schloss-obernberg","tag-spa","tag-thermenhotel-quellenhof","tag-wellness"],"yoast_head":"<!-- This site is optimized with the Yoast SEO plugin v27.5 - https:\/\/yoast.com\/product\/yoast-seo-wordpress\/ -->\n<title>Bad F\u00fcssing: Thermenhotel Quellenhof - einmal die Seele baumeln lassen<\/title>\n<meta name=\"description\" content=\"Kennt ihr das, ihr f\u00fchlt euch wie in einer Tretm\u00fchle gefangen, euer Kopf scheint schier zu platzen vor lauter Ideen und Aufgaben?Dann ist es Zeit f\u00fcr eine Auszeit.\" \/>\n<meta name=\"robots\" content=\"index, follow, max-snippet:-1, max-image-preview:large, max-video-preview:-1\" \/>\n<link rel=\"canonical\" href=\"https:\/\/www.vom-taubertal.de\/blog\/einmal-kurz-die-seele-baumeln-lassen-und-entspannen\/\" \/>\n<meta property=\"og:locale\" content=\"de_DE\" \/>\n<meta property=\"og:type\" content=\"article\" \/>\n<meta property=\"og:title\" content=\"Bad F\u00fcssing: Thermenhotel Quellenhof - einmal die Seele baumeln lassen\" \/>\n<meta property=\"og:description\" content=\"Kennt ihr das, ihr f\u00fchlt euch wie in einer Tretm\u00fchle gefangen, euer Kopf scheint schier zu platzen vor lauter Ideen und Aufgaben?Dann ist es Zeit f\u00fcr eine Auszeit.\" \/>\n<meta property=\"og:url\" content=\"https:\/\/www.vom-taubertal.de\/blog\/einmal-kurz-die-seele-baumeln-lassen-und-entspannen\/\" \/>\n<meta property=\"og:site_name\" content=\"Die Taubertalperser\" \/>\n<meta property=\"article:published_time\" content=\"2019-08-09T12:28:05+00:00\" \/>\n<meta property=\"article:modified_time\" content=\"2019-08-27T19:34:10+00:00\" \/>\n<meta property=\"og:image\" content=\"https:\/\/www.vom-taubertal.de\/blog\/wp-content\/uploads\/2019\/06\/Thermenhotel-Quellenhof-Titelbild-Taubertalperser.jpg\" \/>\n\t<meta property=\"og:image:width\" content=\"600\" \/>\n\t<meta property=\"og:image:height\" content=\"400\" \/>\n\t<meta property=\"og:image:type\" content=\"image\/jpeg\" \/>\n<meta name=\"author\" content=\"afrank\" \/>\n<meta name=\"twitter:label1\" content=\"Verfasst von\" \/>\n\t<meta name=\"twitter:data1\" content=\"afrank\" \/>\n\t<meta name=\"twitter:label2\" content=\"Gesch\u00e4tzte Lesezeit\" \/>\n\t<meta name=\"twitter:data2\" content=\"7\u00a0Minuten\" \/>\n<script type=\"application\/ld+json\" class=\"yoast-schema-graph\">{\"@context\":\"https:\\\/\\\/schema.org\",\"@graph\":[{\"@type\":\"Article\",\"@id\":\"https:\\\/\\\/www.vom-taubertal.de\\\/blog\\\/einmal-kurz-die-seele-baumeln-lassen-und-entspannen\\\/#article\",\"isPartOf\":{\"@id\":\"https:\\\/\\\/www.vom-taubertal.de\\\/blog\\\/einmal-kurz-die-seele-baumeln-lassen-und-entspannen\\\/\"},\"author\":{\"name\":\"afrank\",\"@id\":\"https:\\\/\\\/www.vom-taubertal.de\\\/blog\\\/#\\\/schema\\\/person\\\/368654e092f5785df440fe834ecc3049\"},\"headline\":\"Einmal kurz die Seele baumeln lassen und entspannen\",\"datePublished\":\"2019-08-09T12:28:05+00:00\",\"dateModified\":\"2019-08-27T19:34:10+00:00\",\"mainEntityOfPage\":{\"@id\":\"https:\\\/\\\/www.vom-taubertal.de\\\/blog\\\/einmal-kurz-die-seele-baumeln-lassen-und-entspannen\\\/\"},\"wordCount\":1360,\"commentCount\":0,\"publisher\":{\"@id\":\"https:\\\/\\\/www.vom-taubertal.de\\\/blog\\\/#\\\/schema\\\/person\\\/368654e092f5785df440fe834ecc3049\"},\"image\":{\"@id\":\"https:\\\/\\\/www.vom-taubertal.de\\\/blog\\\/einmal-kurz-die-seele-baumeln-lassen-und-entspannen\\\/#primaryimage\"},\"thumbnailUrl\":\"https:\\\/\\\/i0.wp.com\\\/www.vom-taubertal.de\\\/blog\\\/wp-content\\\/uploads\\\/2019\\\/06\\\/Thermenhotel-Quellenhof-Titelbild-Taubertalperser.jpg?fit=600%2C400&quality=100&ssl=1\",\"keywords\":[\"Ausfl\u00fcge\",\"Bad F\u00fcssing\",\"B\u00e4ren\",\"Bayern\",\"Bernsteinmuseum\",\"Edelsteingrotte\",\"Haslinger\",\"Katzenburg\",\"Niederbayern\",\"\u00d6sterreich\",\"Pocking\",\"Salzgrotte\",\"Schloss Obernberg\",\"Spa\",\"Thermenhotel Quellenhof\",\"Wellness\"],\"articleSection\":{\"1\":\"Deutschland\",\"2\":\"Hotels\",\"3\":\"Lifestyle\",\"4\":\"Reisen\"},\"inLanguage\":\"de\",\"potentialAction\":[{\"@type\":\"CommentAction\",\"name\":\"Comment\",\"target\":[\"https:\\\/\\\/www.vom-taubertal.de\\\/blog\\\/einmal-kurz-die-seele-baumeln-lassen-und-entspannen\\\/#respond\"]}]},{\"@type\":\"WebPage\",\"@id\":\"https:\\\/\\\/www.vom-taubertal.de\\\/blog\\\/einmal-kurz-die-seele-baumeln-lassen-und-entspannen\\\/\",\"url\":\"https:\\\/\\\/www.vom-taubertal.de\\\/blog\\\/einmal-kurz-die-seele-baumeln-lassen-und-entspannen\\\/\",\"name\":\"Bad F\u00fcssing: Thermenhotel Quellenhof - einmal die Seele baumeln lassen\",\"isPartOf\":{\"@id\":\"https:\\\/\\\/www.vom-taubertal.de\\\/blog\\\/#website\"},\"primaryImageOfPage\":{\"@id\":\"https:\\\/\\\/www.vom-taubertal.de\\\/blog\\\/einmal-kurz-die-seele-baumeln-lassen-und-entspannen\\\/#primaryimage\"},\"image\":{\"@id\":\"https:\\\/\\\/www.vom-taubertal.de\\\/blog\\\/einmal-kurz-die-seele-baumeln-lassen-und-entspannen\\\/#primaryimage\"},\"thumbnailUrl\":\"https:\\\/\\\/i0.wp.com\\\/www.vom-taubertal.de\\\/blog\\\/wp-content\\\/uploads\\\/2019\\\/06\\\/Thermenhotel-Quellenhof-Titelbild-Taubertalperser.jpg?fit=600%2C400&quality=100&ssl=1\",\"datePublished\":\"2019-08-09T12:28:05+00:00\",\"dateModified\":\"2019-08-27T19:34:10+00:00\",\"description\":\"Kennt ihr das, ihr f\u00fchlt euch wie in einer Tretm\u00fchle gefangen, euer Kopf scheint schier zu platzen vor lauter Ideen und Aufgaben?Dann ist es Zeit f\u00fcr eine Auszeit.\",\"breadcrumb\":{\"@id\":\"https:\\\/\\\/www.vom-taubertal.de\\\/blog\\\/einmal-kurz-die-seele-baumeln-lassen-und-entspannen\\\/#breadcrumb\"},\"inLanguage\":\"de\",\"potentialAction\":[{\"@type\":\"ReadAction\",\"target\":[\"https:\\\/\\\/www.vom-taubertal.de\\\/blog\\\/einmal-kurz-die-seele-baumeln-lassen-und-entspannen\\\/\"]}]},{\"@type\":\"ImageObject\",\"inLanguage\":\"de\",\"@id\":\"https:\\\/\\\/www.vom-taubertal.de\\\/blog\\\/einmal-kurz-die-seele-baumeln-lassen-und-entspannen\\\/#primaryimage\",\"url\":\"https:\\\/\\\/i0.wp.com\\\/www.vom-taubertal.de\\\/blog\\\/wp-content\\\/uploads\\\/2019\\\/06\\\/Thermenhotel-Quellenhof-Titelbild-Taubertalperser.jpg?fit=600%2C400&quality=100&ssl=1\",\"contentUrl\":\"https:\\\/\\\/i0.wp.com\\\/www.vom-taubertal.de\\\/blog\\\/wp-content\\\/uploads\\\/2019\\\/06\\\/Thermenhotel-Quellenhof-Titelbild-Taubertalperser.jpg?fit=600%2C400&quality=100&ssl=1\",\"width\":600,\"height\":400,\"caption\":\"Thermenhotel Quellenhof, Bad F\u00fcssing, Taubertalperser, Reisen, Travel, Entspannung, Wellness\"},{\"@type\":\"BreadcrumbList\",\"@id\":\"https:\\\/\\\/www.vom-taubertal.de\\\/blog\\\/einmal-kurz-die-seele-baumeln-lassen-und-entspannen\\\/#breadcrumb\",\"itemListElement\":[{\"@type\":\"ListItem\",\"position\":1,\"name\":\"Home\",\"item\":\"https:\\\/\\\/www.vom-taubertal.de\\\/blog\\\/\"},{\"@type\":\"ListItem\",\"position\":2,\"name\":\"Einmal kurz die Seele baumeln lassen und entspannen\"}]},{\"@type\":\"WebSite\",\"@id\":\"https:\\\/\\\/www.vom-taubertal.de\\\/blog\\\/#website\",\"url\":\"https:\\\/\\\/www.vom-taubertal.de\\\/blog\\\/\",\"name\":\"Die Taubertalperser\",\"description\":\"Alles \u00fcber und f\u00fcr Katzen \",\"publisher\":{\"@id\":\"https:\\\/\\\/www.vom-taubertal.de\\\/blog\\\/#\\\/schema\\\/person\\\/368654e092f5785df440fe834ecc3049\"},\"potentialAction\":[{\"@type\":\"SearchAction\",\"target\":{\"@type\":\"EntryPoint\",\"urlTemplate\":\"https:\\\/\\\/www.vom-taubertal.de\\\/blog\\\/?s={search_term_string}\"},\"query-input\":{\"@type\":\"PropertyValueSpecification\",\"valueRequired\":true,\"valueName\":\"search_term_string\"}}],\"inLanguage\":\"de\"},{\"@type\":[\"Person\",\"Organization\"],\"@id\":\"https:\\\/\\\/www.vom-taubertal.de\\\/blog\\\/#\\\/schema\\\/person\\\/368654e092f5785df440fe834ecc3049\",\"name\":\"afrank\",\"image\":{\"@type\":\"ImageObject\",\"inLanguage\":\"de\",\"@id\":\"https:\\\/\\\/www.vom-taubertal.de\\\/blog\\\/wp-content\\\/uploads\\\/2019\\\/03\\\/Andrea_Dividi_02.jpg\",\"url\":\"https:\\\/\\\/www.vom-taubertal.de\\\/blog\\\/wp-content\\\/uploads\\\/2019\\\/03\\\/Andrea_Dividi_02.jpg\",\"contentUrl\":\"https:\\\/\\\/www.vom-taubertal.de\\\/blog\\\/wp-content\\\/uploads\\\/2019\\\/03\\\/Andrea_Dividi_02.jpg\",\"width\":653,\"height\":800,\"caption\":\"afrank\"},\"logo\":{\"@id\":\"https:\\\/\\\/www.vom-taubertal.de\\\/blog\\\/wp-content\\\/uploads\\\/2019\\\/03\\\/Andrea_Dividi_02.jpg\"}}]}<\/script>\n<!-- \/ Yoast SEO plugin. -->","yoast_head_json":{"title":"Bad F\u00fcssing: Thermenhotel Quellenhof - einmal die Seele baumeln lassen","description":"Kennt ihr das, ihr f\u00fchlt euch wie in einer Tretm\u00fchle gefangen, euer Kopf scheint schier zu platzen vor lauter Ideen und Aufgaben?Dann ist es Zeit f\u00fcr eine Auszeit.","robots":{"index":"index","follow":"follow","max-snippet":"max-snippet:-1","max-image-preview":"max-image-preview:large","max-video-preview":"max-video-preview:-1"},"canonical":"https:\/\/www.vom-taubertal.de\/blog\/einmal-kurz-die-seele-baumeln-lassen-und-entspannen\/","og_locale":"de_DE","og_type":"article","og_title":"Bad F\u00fcssing: Thermenhotel Quellenhof - einmal die Seele baumeln lassen","og_description":"Kennt ihr das, ihr f\u00fchlt euch wie in einer Tretm\u00fchle gefangen, euer Kopf scheint schier zu platzen vor lauter Ideen und Aufgaben?Dann ist es Zeit f\u00fcr eine Auszeit.","og_url":"https:\/\/www.vom-taubertal.de\/blog\/einmal-kurz-die-seele-baumeln-lassen-und-entspannen\/","og_site_name":"Die Taubertalperser","article_published_time":"2019-08-09T12:28:05+00:00","article_modified_time":"2019-08-27T19:34:10+00:00","og_image":[{"width":600,"height":400,"url":"https:\/\/www.vom-taubertal.de\/blog\/wp-content\/uploads\/2019\/06\/Thermenhotel-Quellenhof-Titelbild-Taubertalperser.jpg","type":"image\/jpeg"}],"author":"afrank","twitter_misc":{"Verfasst von":"afrank","Gesch\u00e4tzte Lesezeit":"7\u00a0Minuten"},"schema":{"@context":"https:\/\/schema.org","@graph":[{"@type":"Article","@id":"https:\/\/www.vom-taubertal.de\/blog\/einmal-kurz-die-seele-baumeln-lassen-und-entspannen\/#article","isPartOf":{"@id":"https:\/\/www.vom-taubertal.de\/blog\/einmal-kurz-die-seele-baumeln-lassen-und-entspannen\/"},"author":{"name":"afrank","@id":"https:\/\/www.vom-taubertal.de\/blog\/#\/schema\/person\/368654e092f5785df440fe834ecc3049"},"headline":"Einmal kurz die Seele baumeln lassen und entspannen","datePublished":"2019-08-09T12:28:05+00:00","dateModified":"2019-08-27T19:34:10+00:00","mainEntityOfPage":{"@id":"https:\/\/www.vom-taubertal.de\/blog\/einmal-kurz-die-seele-baumeln-lassen-und-entspannen\/"},"wordCount":1360,"commentCount":0,"publisher":{"@id":"https:\/\/www.vom-taubertal.de\/blog\/#\/schema\/person\/368654e092f5785df440fe834ecc3049"},"image":{"@id":"https:\/\/www.vom-taubertal.de\/blog\/einmal-kurz-die-seele-baumeln-lassen-und-entspannen\/#primaryimage"},"thumbnailUrl":"https:\/\/i0.wp.com\/www.vom-taubertal.de\/blog\/wp-content\/uploads\/2019\/06\/Thermenhotel-Quellenhof-Titelbild-Taubertalperser.jpg?fit=600%2C400&quality=100&ssl=1","keywords":["Ausfl\u00fcge","Bad F\u00fcssing","B\u00e4ren","Bayern","Bernsteinmuseum","Edelsteingrotte","Haslinger","Katzenburg","Niederbayern","\u00d6sterreich","Pocking","Salzgrotte","Schloss Obernberg","Spa","Thermenhotel Quellenhof","Wellness"],"articleSection":{"1":"Deutschland","2":"Hotels","3":"Lifestyle","4":"Reisen"},"inLanguage":"de","potentialAction":[{"@type":"CommentAction","name":"Comment","target":["https:\/\/www.vom-taubertal.de\/blog\/einmal-kurz-die-seele-baumeln-lassen-und-entspannen\/#respond"]}]},{"@type":"WebPage","@id":"https:\/\/www.vom-taubertal.de\/blog\/einmal-kurz-die-seele-baumeln-lassen-und-entspannen\/","url":"https:\/\/www.vom-taubertal.de\/blog\/einmal-kurz-die-seele-baumeln-lassen-und-entspannen\/","name":"Bad F\u00fcssing: Thermenhotel Quellenhof - einmal die Seele baumeln lassen","isPartOf":{"@id":"https:\/\/www.vom-taubertal.de\/blog\/#website"},"primaryImageOfPage":{"@id":"https:\/\/www.vom-taubertal.de\/blog\/einmal-kurz-die-seele-baumeln-lassen-und-entspannen\/#primaryimage"},"image":{"@id":"https:\/\/www.vom-taubertal.de\/blog\/einmal-kurz-die-seele-baumeln-lassen-und-entspannen\/#primaryimage"},"thumbnailUrl":"https:\/\/i0.wp.com\/www.vom-taubertal.de\/blog\/wp-content\/uploads\/2019\/06\/Thermenhotel-Quellenhof-Titelbild-Taubertalperser.jpg?fit=600%2C400&quality=100&ssl=1","datePublished":"2019-08-09T12:28:05+00:00","dateModified":"2019-08-27T19:34:10+00:00","description":"Kennt ihr das, ihr f\u00fchlt euch wie in einer Tretm\u00fchle gefangen, euer Kopf scheint schier zu platzen vor lauter Ideen und Aufgaben?Dann ist es Zeit f\u00fcr eine Auszeit.","breadcrumb":{"@id":"https:\/\/www.vom-taubertal.de\/blog\/einmal-kurz-die-seele-baumeln-lassen-und-entspannen\/#breadcrumb"},"inLanguage":"de","potentialAction":[{"@type":"ReadAction","target":["https:\/\/www.vom-taubertal.de\/blog\/einmal-kurz-die-seele-baumeln-lassen-und-entspannen\/"]}]},{"@type":"ImageObject","inLanguage":"de","@id":"https:\/\/www.vom-taubertal.de\/blog\/einmal-kurz-die-seele-baumeln-lassen-und-entspannen\/#primaryimage","url":"https:\/\/i0.wp.com\/www.vom-taubertal.de\/blog\/wp-content\/uploads\/2019\/06\/Thermenhotel-Quellenhof-Titelbild-Taubertalperser.jpg?fit=600%2C400&quality=100&ssl=1","contentUrl":"https:\/\/i0.wp.com\/www.vom-taubertal.de\/blog\/wp-content\/uploads\/2019\/06\/Thermenhotel-Quellenhof-Titelbild-Taubertalperser.jpg?fit=600%2C400&quality=100&ssl=1","width":600,"height":400,"caption":"Thermenhotel Quellenhof, Bad F\u00fcssing, Taubertalperser, Reisen, Travel, Entspannung, Wellness"},{"@type":"BreadcrumbList","@id":"https:\/\/www.vom-taubertal.de\/blog\/einmal-kurz-die-seele-baumeln-lassen-und-entspannen\/#breadcrumb","itemListElement":[{"@type":"ListItem","position":1,"name":"Home","item":"https:\/\/www.vom-taubertal.de\/blog\/"},{"@type":"ListItem","position":2,"name":"Einmal kurz die Seele baumeln lassen und entspannen"}]},{"@type":"WebSite","@id":"https:\/\/www.vom-taubertal.de\/blog\/#website","url":"https:\/\/www.vom-taubertal.de\/blog\/","name":"Die Taubertalperser","description":"Alles \u00fcber und f\u00fcr Katzen ","publisher":{"@id":"https:\/\/www.vom-taubertal.de\/blog\/#\/schema\/person\/368654e092f5785df440fe834ecc3049"},"potentialAction":[{"@type":"SearchAction","target":{"@type":"EntryPoint","urlTemplate":"https:\/\/www.vom-taubertal.de\/blog\/?s={search_term_string}"},"query-input":{"@type":"PropertyValueSpecification","valueRequired":true,"valueName":"search_term_string"}}],"inLanguage":"de"},{"@type":["Person","Organization"],"@id":"https:\/\/www.vom-taubertal.de\/blog\/#\/schema\/person\/368654e092f5785df440fe834ecc3049","name":"afrank","image":{"@type":"ImageObject","inLanguage":"de","@id":"https:\/\/www.vom-taubertal.de\/blog\/wp-content\/uploads\/2019\/03\/Andrea_Dividi_02.jpg","url":"https:\/\/www.vom-taubertal.de\/blog\/wp-content\/uploads\/2019\/03\/Andrea_Dividi_02.jpg","contentUrl":"https:\/\/www.vom-taubertal.de\/blog\/wp-content\/uploads\/2019\/03\/Andrea_Dividi_02.jpg","width":653,"height":800,"caption":"afrank"},"logo":{"@id":"https:\/\/www.vom-taubertal.de\/blog\/wp-content\/uploads\/2019\/03\/Andrea_Dividi_02.jpg"}}]}},"jetpack_publicize_connections":[],"jetpack_featured_media_url":"https:\/\/i0.wp.com\/www.vom-taubertal.de\/blog\/wp-content\/uploads\/2019\/06\/Thermenhotel-Quellenhof-Titelbild-Taubertalperser.jpg?fit=600%2C400&quality=100&ssl=1","jetpack_sharing_enabled":true,"_links":{"self":[{"href":"https:\/\/www.vom-taubertal.de\/blog\/wp-json\/wp\/v2\/posts\/26921","targetHints":{"allow":["GET"]}}],"collection":[{"href":"https:\/\/www.vom-taubertal.de\/blog\/wp-json\/wp\/v2\/posts"}],"about":[{"href":"https:\/\/www.vom-taubertal.de\/blog\/wp-json\/wp\/v2\/types\/post"}],"author":[{"embeddable":true,"href":"https:\/\/www.vom-taubertal.de\/blog\/wp-json\/wp\/v2\/users\/1"}],"replies":[{"embeddable":true,"href":"https:\/\/www.vom-taubertal.de\/blog\/wp-json\/wp\/v2\/comments?post=26921"}],"version-history":[{"count":8,"href":"https:\/\/www.vom-taubertal.de\/blog\/wp-json\/wp\/v2\/posts\/26921\/revisions"}],"predecessor-version":[{"id":27573,"href":"https:\/\/www.vom-taubertal.de\/blog\/wp-json\/wp\/v2\/posts\/26921\/revisions\/27573"}],"wp:featuredmedia":[{"embeddable":true,"href":"https:\/\/www.vom-taubertal.de\/blog\/wp-json\/wp\/v2\/media\/26923"}],"wp:attachment":[{"href":"https:\/\/www.vom-taubertal.de\/blog\/wp-json\/wp\/v2\/media?parent=26921"}],"wp:term":[{"taxonomy":"category","embeddable":true,"href":"https:\/\/www.vom-taubertal.de\/blog\/wp-json\/wp\/v2\/categories?post=26921"},{"taxonomy":"post_tag","embeddable":true,"href":"https:\/\/www.vom-taubertal.de\/blog\/wp-json\/wp\/v2\/tags?post=26921"}],"curies":[{"name":"wp","href":"https:\/\/api.w.org\/{rel}","templated":true}]}}