{"id":27410,"date":"2019-08-28T12:39:44","date_gmt":"2019-08-28T10:39:44","guid":{"rendered":"https:\/\/www.vom-taubertal.de\/blog\/?p=27410"},"modified":"2019-08-28T19:11:04","modified_gmt":"2019-08-28T17:11:04","slug":"wenn-der-garten-zum-leben-erwacht","status":"publish","type":"post","link":"https:\/\/www.vom-taubertal.de\/blog\/wenn-der-garten-zum-leben-erwacht\/","title":{"rendered":"Wenn der Garten zum Leben erwacht \u00a0\u2026.."},"content":{"rendered":"<p>Viele von euch haben es schon mitbekommen, dass ich unserem Garten etwas mehr Aufmerksamkeit mittlerweile widme, als noch zu meiner aktiven Zeit als Katzenz\u00fcchter.<\/p>\n<p><!--more--><\/p>\n<p>Ist aber auch kein Wunder, ich habe nun einfach mehr Zeit und kann mich nun auch anderen Bereichen rundherum widmen und das ist auch ganz okay so.<\/p>\n<p>Aber ich entdecke hier im Garten laufend etwas Neues und kann gewisse Parallelen zur Katzenhaltung finden. Je besser ich die Katze ern\u00e4hre umso ges\u00fcnder ist sie als Gesamtes, sie ist aktiver, spielfreudiger, ihr Fell gl\u00e4nzt und vieles mehr.<\/p>\n<div id=\"ez-toc-container\" class=\"ez-toc-v2_0_82_2 counter-hierarchy ez-toc-counter ez-toc-grey ez-toc-container-direction\">\n<div class=\"ez-toc-title-container\">\n<p class=\"ez-toc-title\" style=\"cursor:inherit\">Inhaltsverzeichnis<\/p>\n<span class=\"ez-toc-title-toggle\"><a href=\"#\" class=\"ez-toc-pull-right ez-toc-btn ez-toc-btn-xs ez-toc-btn-default ez-toc-toggle\" aria-label=\"Toggle Table of Content\"><span class=\"ez-toc-js-icon-con\"><span class=\"\"><span class=\"eztoc-hide\" style=\"display:none;\">Toggle<\/span><span class=\"ez-toc-icon-toggle-span\"><svg style=\"fill: #999;color:#999\" xmlns=\"http:\/\/www.w3.org\/2000\/svg\" class=\"list-377408\" width=\"20px\" height=\"20px\" viewBox=\"0 0 24 24\" fill=\"none\"><path d=\"M6 6H4v2h2V6zm14 0H8v2h12V6zM4 11h2v2H4v-2zm16 0H8v2h12v-2zM4 16h2v2H4v-2zm16 0H8v2h12v-2z\" fill=\"currentColor\"><\/path><\/svg><svg style=\"fill: #999;color:#999\" class=\"arrow-unsorted-368013\" xmlns=\"http:\/\/www.w3.org\/2000\/svg\" width=\"10px\" height=\"10px\" viewBox=\"0 0 24 24\" version=\"1.2\" baseProfile=\"tiny\"><path d=\"M18.2 9.3l-6.2-6.3-6.2 6.3c-.2.2-.3.4-.3.7s.1.5.3.7c.2.2.4.3.7.3h11c.3 0 .5-.1.7-.3.2-.2.3-.5.3-.7s-.1-.5-.3-.7zM5.8 14.7l6.2 6.3 6.2-6.3c.2-.2.3-.5.3-.7s-.1-.5-.3-.7c-.2-.2-.4-.3-.7-.3h-11c-.3 0-.5.1-.7.3-.2.2-.3.5-.3.7s.1.5.3.7z\"\/><\/svg><\/span><\/span><\/span><\/a><\/span><\/div>\n<nav><ul class='ez-toc-list ez-toc-list-level-1 ' ><li class='ez-toc-page-1 ez-toc-heading-level-3'><a class=\"ez-toc-link ez-toc-heading-1\" href=\"https:\/\/www.vom-taubertal.de\/blog\/wenn-der-garten-zum-leben-erwacht\/#Wenn_eines_zum_anderen_fuehrt\" >Wenn eines zum anderen f\u00fchrt<\/a><\/li><li class='ez-toc-page-1 ez-toc-heading-level-3'><a class=\"ez-toc-link ez-toc-heading-2\" href=\"https:\/\/www.vom-taubertal.de\/blog\/wenn-der-garten-zum-leben-erwacht\/#Wildbienen_Hummeln_und_andere_Tierchen\" >Wildbienen, Hummeln und andere Tierchen<\/a><\/li><li class='ez-toc-page-1 ez-toc-heading-level-3'><a class=\"ez-toc-link ez-toc-heading-3\" href=\"https:\/\/www.vom-taubertal.de\/blog\/wenn-der-garten-zum-leben-erwacht\/#Wusstet_ihr_dass_es_rund_560_Bienenarten_in_Deutschland_gibt\" >Wusstet ihr, dass es rund 560 Bienenarten in Deutschland gibt?<\/a><\/li><\/ul><\/nav><\/div>\n<h3><span class=\"ez-toc-section\" id=\"Wenn_eines_zum_anderen_fuehrt\"><\/span>Wenn eines zum anderen f\u00fchrt<span class=\"ez-toc-section-end\"><\/span><\/h3>\n<p>So ist es auch bei uns im Garten zu beobachten. Ich habe sehr viele Pflanzen gesetzt wo ich wei\u00df, dass diese Insektenfreundlich sind. Nein, nicht nur Bienen- sondern gleich Insektenfreundlich.<\/p>\n<p>Manches \u201eUnkraut\u201c bleibt mittlerweile auch stehen weil ich die darauf befindlichen K\u00e4fer so sch\u00f6n finde oder weil sich darauf gerade Marienk\u00e4fer verpuppt haben.<\/p>\n<p>Ja genau, selbst Unkraut hat so seine Bestimmung in der Natur und was manche achtlos ausrei\u00dfen und auf den Kompost werfen ist f\u00fcr viele Insekten eine wichtige Lebensgrundlage.<\/p>\n<p>So durfte ich auf dem Giersch, der vielen Gartenbesitzer ein Dorn im Auge ist nicht nur die farbenfrohe Streifenwanze beobachten sondern entdeckte dort einen K\u00e4fer, den ich bis dato noch gar nicht so wahrgenommen hatte.<\/p>\n<p><a href=\"https:\/\/i0.wp.com\/www.vom-taubertal.de\/blog\/wp-content\/uploads\/2019\/07\/Garten-summt-und-brummt-Streifenwanze.jpg?quality=100&#038;ssl=1\"><img data-recalc-dims=\"1\" loading=\"lazy\" decoding=\"async\" class=\"aligncenter size-full wp-image-27421\" src=\"https:\/\/i0.wp.com\/www.vom-taubertal.de\/blog\/wp-content\/uploads\/2019\/07\/Garten-summt-und-brummt-Streifenwanze.jpg?resize=800%2C533&#038;quality=100&#038;ssl=1\" alt=\"Garten, Natur, Taubertalperser, Streifenwanze, insektenfreundlich\" width=\"800\" height=\"533\" srcset=\"https:\/\/i0.wp.com\/www.vom-taubertal.de\/blog\/wp-content\/uploads\/2019\/07\/Garten-summt-und-brummt-Streifenwanze.jpg?w=800&amp;quality=100&amp;ssl=1 800w, https:\/\/i0.wp.com\/www.vom-taubertal.de\/blog\/wp-content\/uploads\/2019\/07\/Garten-summt-und-brummt-Streifenwanze.jpg?resize=300%2C200&amp;quality=100&amp;ssl=1 300w, https:\/\/i0.wp.com\/www.vom-taubertal.de\/blog\/wp-content\/uploads\/2019\/07\/Garten-summt-und-brummt-Streifenwanze.jpg?resize=768%2C512&amp;quality=100&amp;ssl=1 768w\" sizes=\"auto, (max-width: 800px) 100vw, 800px\" \/><\/a><\/p>\n<p>Einen Pinselk\u00e4fer, genauer geb\u00e4nderter Pinselk\u00e4fer.<\/p>\n<p><a href=\"https:\/\/i0.wp.com\/www.vom-taubertal.de\/blog\/wp-content\/uploads\/2019\/07\/Garten-summt-und-brummt-Pinselk%C3%A4fer.jpg?quality=100&#038;ssl=1\"><img data-recalc-dims=\"1\" loading=\"lazy\" decoding=\"async\" class=\"aligncenter size-full wp-image-27422\" src=\"https:\/\/i0.wp.com\/www.vom-taubertal.de\/blog\/wp-content\/uploads\/2019\/07\/Garten-summt-und-brummt-Pinselk%C3%A4fer.jpg?resize=800%2C533&#038;quality=100&#038;ssl=1\" alt=\"Garten, Natur, Taubertalperser, Streifenwanze, insektenfreundlich\" width=\"800\" height=\"533\" srcset=\"https:\/\/i0.wp.com\/www.vom-taubertal.de\/blog\/wp-content\/uploads\/2019\/07\/Garten-summt-und-brummt-Pinselk%C3%A4fer.jpg?w=800&amp;quality=100&amp;ssl=1 800w, https:\/\/i0.wp.com\/www.vom-taubertal.de\/blog\/wp-content\/uploads\/2019\/07\/Garten-summt-und-brummt-Pinselk%C3%A4fer.jpg?resize=300%2C200&amp;quality=100&amp;ssl=1 300w, https:\/\/i0.wp.com\/www.vom-taubertal.de\/blog\/wp-content\/uploads\/2019\/07\/Garten-summt-und-brummt-Pinselk%C3%A4fer.jpg?resize=768%2C512&amp;quality=100&amp;ssl=1 768w\" sizes=\"auto, (max-width: 800px) 100vw, 800px\" \/><\/a><\/p>\n<p>Ist&nbsp; der nicht h\u00fcbsch?<\/p>\n<p>Brennessel werden sehr gerne von Blattl\u00e4usen heimgesucht die aber nicht nur f\u00fcr Ameisen leckere Nahrung liefern, sondern auch den Marienk\u00e4fer und seine Larven ern\u00e4hrt.<\/p>\n<p><a href=\"https:\/\/i0.wp.com\/www.vom-taubertal.de\/blog\/wp-content\/uploads\/2019\/07\/Garten-summt-und-brummt-Marienk%C3%A4fer.jpg?quality=100&#038;ssl=1\"><img data-recalc-dims=\"1\" loading=\"lazy\" decoding=\"async\" class=\"aligncenter size-full wp-image-27423\" src=\"https:\/\/i0.wp.com\/www.vom-taubertal.de\/blog\/wp-content\/uploads\/2019\/07\/Garten-summt-und-brummt-Marienk%C3%A4fer.jpg?resize=800%2C533&#038;quality=100&#038;ssl=1\" alt=\"Garten, Natur, Taubertalperser, Streifenwanze, insektenfreundlich\" width=\"800\" height=\"533\" srcset=\"https:\/\/i0.wp.com\/www.vom-taubertal.de\/blog\/wp-content\/uploads\/2019\/07\/Garten-summt-und-brummt-Marienk%C3%A4fer.jpg?w=800&amp;quality=100&amp;ssl=1 800w, https:\/\/i0.wp.com\/www.vom-taubertal.de\/blog\/wp-content\/uploads\/2019\/07\/Garten-summt-und-brummt-Marienk%C3%A4fer.jpg?resize=300%2C200&amp;quality=100&amp;ssl=1 300w, https:\/\/i0.wp.com\/www.vom-taubertal.de\/blog\/wp-content\/uploads\/2019\/07\/Garten-summt-und-brummt-Marienk%C3%A4fer.jpg?resize=768%2C512&amp;quality=100&amp;ssl=1 768w\" sizes=\"auto, (max-width: 800px) 100vw, 800px\" \/><\/a><\/p>\n<p>Schwebfliegen und andere Insekten, die so munter die eine oder andere Pflanze umkreisen sind gute Proteinlieferanten f\u00fcr die einheimischen Gartenv\u00f6gel, die dieses Jahr bei uns mehr als erfolgreich ihre Brut aufgezogen haben.<\/p>\n<p>Dieses Jahr haben die Gartenrotschw\u00e4nzchen nicht nur zwei Jungv\u00f6gel gehabt sondern drei und auch bei den Kohlmeisen konnte ich einen positiven Anstieg verzeichnen.<\/p>\n<p><a href=\"https:\/\/i0.wp.com\/www.vom-taubertal.de\/blog\/wp-content\/uploads\/2019\/07\/Gartenvoegel-Titelbild-Taubertalperser.jpg?quality=100&#038;ssl=1\"><img data-recalc-dims=\"1\" loading=\"lazy\" decoding=\"async\" class=\"aligncenter size-full wp-image-27309\" src=\"https:\/\/i0.wp.com\/www.vom-taubertal.de\/blog\/wp-content\/uploads\/2019\/07\/Gartenvoegel-Titelbild-Taubertalperser.jpg?resize=800%2C533&#038;quality=100&#038;ssl=1\" alt=\"Gartenv\u00f6gel, Rotschw\u00e4nzchen, Taubertalperser, unabh\u00e4ngiger Katzenblog\" width=\"800\" height=\"533\" srcset=\"https:\/\/i0.wp.com\/www.vom-taubertal.de\/blog\/wp-content\/uploads\/2019\/07\/Gartenvoegel-Titelbild-Taubertalperser.jpg?w=800&amp;quality=100&amp;ssl=1 800w, https:\/\/i0.wp.com\/www.vom-taubertal.de\/blog\/wp-content\/uploads\/2019\/07\/Gartenvoegel-Titelbild-Taubertalperser.jpg?resize=300%2C200&amp;quality=100&amp;ssl=1 300w, https:\/\/i0.wp.com\/www.vom-taubertal.de\/blog\/wp-content\/uploads\/2019\/07\/Gartenvoegel-Titelbild-Taubertalperser.jpg?resize=768%2C512&amp;quality=100&amp;ssl=1 768w\" sizes=\"auto, (max-width: 800px) 100vw, 800px\" \/><\/a><\/p>\n<h3><span class=\"ez-toc-section\" id=\"Wildbienen_Hummeln_und_andere_Tierchen\"><\/span>Wildbienen, Hummeln und andere Tierchen<span class=\"ez-toc-section-end\"><\/span><\/h3>\n<p>In Bayern und Baden-W\u00fcrttemberg gab es dieses Jahr ein Volksbegehren zum Thema Artenvielfalt und Bienensterben was ich durchaus begr\u00fc\u00dfe. Ich finde den neuen Trend der Schotterg\u00e4rten absolut grauenhaft und kann denen nichts abgewinnen. Und so \u201ebenutzerfreundlich\u201c wie sie auf den ersten Blick erscheinen sind sie absolut nicht. Sp\u00e4testens im dritten Jahr hat man s\u00e4mtliche Gr\u00e4ser der Umgebung darin verstreut die darin fr\u00f6hlich vor sich hinwuchern.<\/p>\n<p>Da gibt es nur zwei M\u00f6glichkeiten \u2013 weg mit den Gr\u00e4sern manuell \u2013 man rupft sie h\u00e4ndisch einzeln raus oder aber man greift zu Herbiziden.<\/p>\n<p>Ob dies nun so prickelnd ist?<\/p>\n<p>Viele Insekten leben in Felsspalten, die w\u00fcrde man damit gleich mitumbringen. Allen voran z.B. die Blattschneiderbiene oder auch Fliegen, M\u00fccken und anderes Getier. Aber auch die haben in der Natur ihre Bestimmung und Daseinsberechtigung.<\/p>\n<p>Wenn man keine \u201eArbeit\u201c mit dem Bereich haben will w\u00e4re die perfekte Alternative je nach Lage und Bodenbeschaffenheit ein Sandarium oder eine Wildblumenmischung auss\u00e4en und einfach wachsen lassen :-)<\/p>\n<p>Seit ich hier so viele Blumen und Stauden angepflanzt habe komme ich aus dem Staunen nicht mehr heraus.<\/p>\n<p>Vor allem es war mir absolut nicht bewusst wieviele verschiedene Arten von Wanzen es gibt und bevor nun wer kreischt \u201eIhhhh\u2026.\u201c Seht euch mal an wie interessant und h\u00fcbsch gef\u00e4rbt sie sein k\u00f6nnen.<\/p>\n<p><a href=\"https:\/\/i0.wp.com\/www.vom-taubertal.de\/blog\/wp-content\/uploads\/2019\/07\/Garten-summt-und-brummt-Wanze.jpg?quality=100&#038;ssl=1\"><img data-recalc-dims=\"1\" loading=\"lazy\" decoding=\"async\" class=\"aligncenter size-full wp-image-27426\" src=\"https:\/\/i0.wp.com\/www.vom-taubertal.de\/blog\/wp-content\/uploads\/2019\/07\/Garten-summt-und-brummt-Wanze.jpg?resize=800%2C533&#038;quality=100&#038;ssl=1\" alt=\"Garten, Natur, Taubertalperser, Streifenwanze, insektenfreundlich\" width=\"800\" height=\"533\" srcset=\"https:\/\/i0.wp.com\/www.vom-taubertal.de\/blog\/wp-content\/uploads\/2019\/07\/Garten-summt-und-brummt-Wanze.jpg?w=800&amp;quality=100&amp;ssl=1 800w, https:\/\/i0.wp.com\/www.vom-taubertal.de\/blog\/wp-content\/uploads\/2019\/07\/Garten-summt-und-brummt-Wanze.jpg?resize=300%2C200&amp;quality=100&amp;ssl=1 300w, https:\/\/i0.wp.com\/www.vom-taubertal.de\/blog\/wp-content\/uploads\/2019\/07\/Garten-summt-und-brummt-Wanze.jpg?resize=768%2C512&amp;quality=100&amp;ssl=1 768w\" sizes=\"auto, (max-width: 800px) 100vw, 800px\" \/><\/a><\/p>\n<h3><span class=\"ez-toc-section\" id=\"Wusstet_ihr_dass_es_rund_560_Bienenarten_in_Deutschland_gibt\"><\/span>Wusstet ihr, dass es rund 560 Bienenarten in Deutschland gibt?<span class=\"ez-toc-section-end\"><\/span><\/h3>\n<p>Habt ihr schon gewusst, dass die Mauerbiene ihre Nester vorzugsweise in L\u00f6chern baut und die Blattschneiderbiene ihren Namen gem\u00e4\u00df Bl\u00e4tter zusammenschneidet um sie als Nistmaterial zu verwenden?<\/p>\n<p>\u00dcbrigens eine internationale Studie zeigt, dass die wildlebende Verwandtschaft effektiver arbeitet als die \u201eherk\u00f6mmlichen\u201c Honigbienen.<\/p>\n<p><a href=\"https:\/\/i0.wp.com\/www.vom-taubertal.de\/blog\/wp-content\/uploads\/2019\/07\/Garten-summt-und-brummt-Wildbiene.jpg?quality=100&#038;ssl=1\"><img data-recalc-dims=\"1\" loading=\"lazy\" decoding=\"async\" class=\"aligncenter size-full wp-image-27427\" src=\"https:\/\/i0.wp.com\/www.vom-taubertal.de\/blog\/wp-content\/uploads\/2019\/07\/Garten-summt-und-brummt-Wildbiene.jpg?resize=800%2C533&#038;quality=100&#038;ssl=1\" alt=\"Garten, Natur, Taubertalperser, Streifenwanze, insektenfreundlich\" width=\"800\" height=\"533\" srcset=\"https:\/\/i0.wp.com\/www.vom-taubertal.de\/blog\/wp-content\/uploads\/2019\/07\/Garten-summt-und-brummt-Wildbiene.jpg?w=800&amp;quality=100&amp;ssl=1 800w, https:\/\/i0.wp.com\/www.vom-taubertal.de\/blog\/wp-content\/uploads\/2019\/07\/Garten-summt-und-brummt-Wildbiene.jpg?resize=300%2C200&amp;quality=100&amp;ssl=1 300w, https:\/\/i0.wp.com\/www.vom-taubertal.de\/blog\/wp-content\/uploads\/2019\/07\/Garten-summt-und-brummt-Wildbiene.jpg?resize=768%2C512&amp;quality=100&amp;ssl=1 768w\" sizes=\"auto, (max-width: 800px) 100vw, 800px\" \/><\/a><\/p>\n<p>Bei den Hummeln sieht es nicht viel anders aus.&nbsp; Hiervon sind in Deutschland 41 Arten heimisch. Ich mag ja diese extrem pelzigen Hummelchen \u2013 sie sehen so super flauschig aus und es ist ein ausgesprochen humorvolles Spektakel wenn so eine kleine dicke Pummelfee versucht in einen Bl\u00fctenkelch zu kommen \u2026.. bemerkenswert auch, dass sie dann wieder rauskommen J<\/p>\n<p><a href=\"https:\/\/i0.wp.com\/www.vom-taubertal.de\/blog\/wp-content\/uploads\/2019\/07\/Garten-summt-und-brummt-Hummel.jpg?quality=100&#038;ssl=1\"><img data-recalc-dims=\"1\" loading=\"lazy\" decoding=\"async\" class=\"aligncenter size-full wp-image-27428\" src=\"https:\/\/i0.wp.com\/www.vom-taubertal.de\/blog\/wp-content\/uploads\/2019\/07\/Garten-summt-und-brummt-Hummel.jpg?resize=800%2C533&#038;quality=100&#038;ssl=1\" alt=\"Garten, Natur, Taubertalperser, Streifenwanze, insektenfreundlich\" width=\"800\" height=\"533\" srcset=\"https:\/\/i0.wp.com\/www.vom-taubertal.de\/blog\/wp-content\/uploads\/2019\/07\/Garten-summt-und-brummt-Hummel.jpg?w=800&amp;quality=100&amp;ssl=1 800w, https:\/\/i0.wp.com\/www.vom-taubertal.de\/blog\/wp-content\/uploads\/2019\/07\/Garten-summt-und-brummt-Hummel.jpg?resize=300%2C200&amp;quality=100&amp;ssl=1 300w, https:\/\/i0.wp.com\/www.vom-taubertal.de\/blog\/wp-content\/uploads\/2019\/07\/Garten-summt-und-brummt-Hummel.jpg?resize=768%2C512&amp;quality=100&amp;ssl=1 768w\" sizes=\"auto, (max-width: 800px) 100vw, 800px\" \/><\/a><\/p>\n<p>Im \u00dcbrigen, &nbsp;Schmetterlinge lieben Fenchel, wilde M\u00f6hre und auch Dill ;-)<\/p>\n<p>Und das von vielen Landwirten gef\u00fcrchtete Jakobskreuzkraut ist eine wichtige Lebensgrundlage f\u00fcr den Blutb\u00e4ren und seine Raupen, die leider mittlerweile auf der roten Liste stehen.<\/p>\n<p><a href=\"https:\/\/i0.wp.com\/www.vom-taubertal.de\/blog\/wp-content\/uploads\/2019\/08\/Regenmesser-TFA.jpg?quality=100&#038;ssl=1\"><img data-recalc-dims=\"1\" loading=\"lazy\" decoding=\"async\" class=\"aligncenter size-full wp-image-27701\" src=\"https:\/\/i0.wp.com\/www.vom-taubertal.de\/blog\/wp-content\/uploads\/2019\/08\/Regenmesser-TFA.jpg?resize=800%2C533&#038;quality=100&#038;ssl=1\" alt=\"Regenmesser, TFA Dostmann, Taubertal, Taubertalperser, Katzenblog, Pflanzen, Blumen, Schmetterlinge, Insekten, Bienen\" width=\"800\" height=\"533\" srcset=\"https:\/\/i0.wp.com\/www.vom-taubertal.de\/blog\/wp-content\/uploads\/2019\/08\/Regenmesser-TFA.jpg?w=800&amp;quality=100&amp;ssl=1 800w, https:\/\/i0.wp.com\/www.vom-taubertal.de\/blog\/wp-content\/uploads\/2019\/08\/Regenmesser-TFA.jpg?resize=300%2C200&amp;quality=100&amp;ssl=1 300w, https:\/\/i0.wp.com\/www.vom-taubertal.de\/blog\/wp-content\/uploads\/2019\/08\/Regenmesser-TFA.jpg?resize=768%2C512&amp;quality=100&amp;ssl=1 768w\" sizes=\"auto, (max-width: 800px) 100vw, 800px\" \/><\/a>Aufgrund der mittlerweile doch recht hei\u00dfen Sommer habe ich mir nicht nur einen <em><strong><a href=\"https:\/\/www.tfa-dostmann.de\/produkt\/analoger-regenmesser-47-1007\/?utm_source=influencer&amp;utm_medium=blog&amp;utm_campaign=taubertalperser\" target=\"_blank\" rel=\"noopener\">wundersch\u00f6nen Regenmesser<\/a><\/strong><\/em> von TFA Dostmann zu den Blumen gesteckt (\u00fcbrigens &#8211; ich bin ja so eine kleine Lokalpatriotin, das Unternehmen kommt, wie k\u00f6nnte es auch anders sein aus dem Taubertal) sondern habe mir auch einen IBC-Beh\u00e4lter in de Garten gestellt. Hier kann ich sehr gut Regenwasser sammeln und zum gie\u00dfen meiner s\u00e4mtlichen Blumen verwenden. Da wir in Hanglage wohnen haben wir leider kein Brunnenwasser und ich sehe es nicht ein, gutes Trinkwasser zum gie\u00dfen zu verwenden. Muss ja nicht sein, wenn man andere M\u00f6glichkeiten hat.<\/p>\n<p>Habt ihr auch einen Garten und macht etwas f\u00fcr die Bienen- und Insekten? Falls nicht, es w\u00fcrde mich freuen wenn ich dem einen oder anderen einen kleinen Schubs in diese Richtung gegeben h\u00e4tte :-)<\/p>\n<p>Wir k\u00f6nnen nicht die Welt retten aber wir k\u00f6nnen sie ein klein wenig besser machen :-)<\/p>\n<p>Hier noch ein paar Impressionen f\u00fcr Euch :-)<\/p>\n<p>ngg_shortcode_0_placeholder&nbsp;<br \/>\n<script async=\"\" src=\"https:\/\/pagead2.googlesyndication.com\/pagead\/js\/adsbygoogle.js\"><\/script><br \/>\n<!-- Taubertal2 --><br \/>\n<ins class=\"adsbygoogle\" style=\"display: inline-block; width: 728px; height: 90px;\" data-ad-client=\"ca-pub-3363977028533397\" data-ad-slot=\"3730385664\"><\/ins><br \/>\n<script>\n     (adsbygoogle = window.adsbygoogle || []).push({});\n<\/script><\/p>\n","protected":false},"excerpt":{"rendered":"<p>Viele von euch haben es schon mitbekommen, dass ich unserem Garten etwas mehr Aufmerksamkeit mittlerweile widme, als noch zu meiner<\/p>\n","protected":false},"author":1,"featured_media":27425,"comment_status":"open","ping_status":"open","sticky":false,"template":"","format":"standard","meta":{"colormag_page_container_layout":"default_layout","colormag_page_sidebar_layout":"default_layout","sfsi_plus_gutenberg_text_before_share":"","sfsi_plus_gutenberg_show_text_before_share":"","sfsi_plus_gutenberg_icon_type":"","sfsi_plus_gutenberg_icon_alignemt":"","sfsi_plus_gutenburg_max_per_row":"","ngg_post_thumbnail":0,"_jetpack_memberships_contains_paid_content":false,"footnotes":"","jetpack_publicize_message":"","jetpack_publicize_feature_enabled":true,"jetpack_social_post_already_shared":true,"jetpack_social_options":{"image_generator_settings":{"template":"highway","default_image_id":0,"font":"","enabled":false},"version":2},"_wpas_customize_per_network":false},"categories":[1],"tags":[],"class_list":["post-27410","post","type-post","status-publish","format-standard","has-post-thumbnail","hentry","category-allgemein-katzen-perserkatzen-taubertalperser"],"yoast_head":"<!-- This site is optimized with the Yoast SEO plugin v27.4 - https:\/\/yoast.com\/product\/yoast-seo-wordpress\/ -->\n<title>Wenn der Garten zum Leben erwacht .... Taubertalperser<\/title>\n<meta name=\"description\" content=\"Ich entf\u00fchre euch ein wenig in unseren Garten und zeige euch ein klein wenig was da so kreucht und fleucht. F\u00fcr mich gibt es t\u00e4glich etwas zu entdecken\" \/>\n<meta name=\"robots\" content=\"index, follow, max-snippet:-1, max-image-preview:large, max-video-preview:-1\" \/>\n<link rel=\"canonical\" href=\"https:\/\/www.vom-taubertal.de\/blog\/wenn-der-garten-zum-leben-erwacht\/\" \/>\n<meta property=\"og:locale\" content=\"de_DE\" \/>\n<meta property=\"og:type\" content=\"article\" \/>\n<meta property=\"og:title\" content=\"Wenn der Garten zum Leben erwacht .... Taubertalperser\" \/>\n<meta property=\"og:description\" content=\"Ich entf\u00fchre euch ein wenig in unseren Garten und zeige euch ein klein wenig was da so kreucht und fleucht. F\u00fcr mich gibt es t\u00e4glich etwas zu entdecken\" \/>\n<meta property=\"og:url\" content=\"https:\/\/www.vom-taubertal.de\/blog\/wenn-der-garten-zum-leben-erwacht\/\" \/>\n<meta property=\"og:site_name\" content=\"Die Taubertalperser\" \/>\n<meta property=\"article:published_time\" content=\"2019-08-28T10:39:44+00:00\" \/>\n<meta property=\"article:modified_time\" content=\"2019-08-28T17:11:04+00:00\" \/>\n<meta property=\"og:image\" content=\"https:\/\/www.vom-taubertal.de\/blog\/wp-content\/uploads\/2019\/07\/Garten-summt-Taubertalperser-Titelbild.jpg\" \/>\n\t<meta property=\"og:image:width\" content=\"800\" \/>\n\t<meta property=\"og:image:height\" content=\"533\" \/>\n\t<meta property=\"og:image:type\" content=\"image\/jpeg\" \/>\n<meta name=\"author\" content=\"afrank\" \/>\n<meta name=\"twitter:label1\" content=\"Verfasst von\" \/>\n\t<meta name=\"twitter:data1\" content=\"afrank\" \/>\n\t<meta name=\"twitter:label2\" content=\"Gesch\u00e4tzte Lesezeit\" \/>\n\t<meta name=\"twitter:data2\" content=\"4\u00a0Minuten\" \/>\n<script type=\"application\/ld+json\" class=\"yoast-schema-graph\">{\"@context\":\"https:\\\/\\\/schema.org\",\"@graph\":[{\"@type\":\"Article\",\"@id\":\"https:\\\/\\\/www.vom-taubertal.de\\\/blog\\\/wenn-der-garten-zum-leben-erwacht\\\/#article\",\"isPartOf\":{\"@id\":\"https:\\\/\\\/www.vom-taubertal.de\\\/blog\\\/wenn-der-garten-zum-leben-erwacht\\\/\"},\"author\":{\"name\":\"afrank\",\"@id\":\"https:\\\/\\\/www.vom-taubertal.de\\\/blog\\\/#\\\/schema\\\/person\\\/368654e092f5785df440fe834ecc3049\"},\"headline\":\"Wenn der Garten zum Leben erwacht \u00a0\u2026..\",\"datePublished\":\"2019-08-28T10:39:44+00:00\",\"dateModified\":\"2019-08-28T17:11:04+00:00\",\"mainEntityOfPage\":{\"@id\":\"https:\\\/\\\/www.vom-taubertal.de\\\/blog\\\/wenn-der-garten-zum-leben-erwacht\\\/\"},\"wordCount\":889,\"commentCount\":2,\"publisher\":{\"@id\":\"https:\\\/\\\/www.vom-taubertal.de\\\/blog\\\/#\\\/schema\\\/person\\\/368654e092f5785df440fe834ecc3049\"},\"image\":{\"@id\":\"https:\\\/\\\/www.vom-taubertal.de\\\/blog\\\/wenn-der-garten-zum-leben-erwacht\\\/#primaryimage\"},\"thumbnailUrl\":\"https:\\\/\\\/i0.wp.com\\\/www.vom-taubertal.de\\\/blog\\\/wp-content\\\/uploads\\\/2019\\\/07\\\/Garten-summt-Taubertalperser-Titelbild.jpg?fit=800%2C533&quality=100&ssl=1\",\"inLanguage\":\"de\",\"potentialAction\":[{\"@type\":\"CommentAction\",\"name\":\"Comment\",\"target\":[\"https:\\\/\\\/www.vom-taubertal.de\\\/blog\\\/wenn-der-garten-zum-leben-erwacht\\\/#respond\"]}]},{\"@type\":\"WebPage\",\"@id\":\"https:\\\/\\\/www.vom-taubertal.de\\\/blog\\\/wenn-der-garten-zum-leben-erwacht\\\/\",\"url\":\"https:\\\/\\\/www.vom-taubertal.de\\\/blog\\\/wenn-der-garten-zum-leben-erwacht\\\/\",\"name\":\"Wenn der Garten zum Leben erwacht .... Taubertalperser\",\"isPartOf\":{\"@id\":\"https:\\\/\\\/www.vom-taubertal.de\\\/blog\\\/#website\"},\"primaryImageOfPage\":{\"@id\":\"https:\\\/\\\/www.vom-taubertal.de\\\/blog\\\/wenn-der-garten-zum-leben-erwacht\\\/#primaryimage\"},\"image\":{\"@id\":\"https:\\\/\\\/www.vom-taubertal.de\\\/blog\\\/wenn-der-garten-zum-leben-erwacht\\\/#primaryimage\"},\"thumbnailUrl\":\"https:\\\/\\\/i0.wp.com\\\/www.vom-taubertal.de\\\/blog\\\/wp-content\\\/uploads\\\/2019\\\/07\\\/Garten-summt-Taubertalperser-Titelbild.jpg?fit=800%2C533&quality=100&ssl=1\",\"datePublished\":\"2019-08-28T10:39:44+00:00\",\"dateModified\":\"2019-08-28T17:11:04+00:00\",\"description\":\"Ich entf\u00fchre euch ein wenig in unseren Garten und zeige euch ein klein wenig was da so kreucht und fleucht. F\u00fcr mich gibt es t\u00e4glich etwas zu entdecken\",\"breadcrumb\":{\"@id\":\"https:\\\/\\\/www.vom-taubertal.de\\\/blog\\\/wenn-der-garten-zum-leben-erwacht\\\/#breadcrumb\"},\"inLanguage\":\"de\",\"potentialAction\":[{\"@type\":\"ReadAction\",\"target\":[\"https:\\\/\\\/www.vom-taubertal.de\\\/blog\\\/wenn-der-garten-zum-leben-erwacht\\\/\"]}]},{\"@type\":\"ImageObject\",\"inLanguage\":\"de\",\"@id\":\"https:\\\/\\\/www.vom-taubertal.de\\\/blog\\\/wenn-der-garten-zum-leben-erwacht\\\/#primaryimage\",\"url\":\"https:\\\/\\\/i0.wp.com\\\/www.vom-taubertal.de\\\/blog\\\/wp-content\\\/uploads\\\/2019\\\/07\\\/Garten-summt-Taubertalperser-Titelbild.jpg?fit=800%2C533&quality=100&ssl=1\",\"contentUrl\":\"https:\\\/\\\/i0.wp.com\\\/www.vom-taubertal.de\\\/blog\\\/wp-content\\\/uploads\\\/2019\\\/07\\\/Garten-summt-Taubertalperser-Titelbild.jpg?fit=800%2C533&quality=100&ssl=1\",\"width\":800,\"height\":533,\"caption\":\"Garten, Natur, Taubertalperser, Streifenwanze, insektenfreundlich\"},{\"@type\":\"BreadcrumbList\",\"@id\":\"https:\\\/\\\/www.vom-taubertal.de\\\/blog\\\/wenn-der-garten-zum-leben-erwacht\\\/#breadcrumb\",\"itemListElement\":[{\"@type\":\"ListItem\",\"position\":1,\"name\":\"Home\",\"item\":\"https:\\\/\\\/www.vom-taubertal.de\\\/blog\\\/\"},{\"@type\":\"ListItem\",\"position\":2,\"name\":\"Wenn der Garten zum Leben erwacht \u00a0\u2026..\"}]},{\"@type\":\"WebSite\",\"@id\":\"https:\\\/\\\/www.vom-taubertal.de\\\/blog\\\/#website\",\"url\":\"https:\\\/\\\/www.vom-taubertal.de\\\/blog\\\/\",\"name\":\"Die Taubertalperser\",\"description\":\"Alles \u00fcber und f\u00fcr Katzen \",\"publisher\":{\"@id\":\"https:\\\/\\\/www.vom-taubertal.de\\\/blog\\\/#\\\/schema\\\/person\\\/368654e092f5785df440fe834ecc3049\"},\"potentialAction\":[{\"@type\":\"SearchAction\",\"target\":{\"@type\":\"EntryPoint\",\"urlTemplate\":\"https:\\\/\\\/www.vom-taubertal.de\\\/blog\\\/?s={search_term_string}\"},\"query-input\":{\"@type\":\"PropertyValueSpecification\",\"valueRequired\":true,\"valueName\":\"search_term_string\"}}],\"inLanguage\":\"de\"},{\"@type\":[\"Person\",\"Organization\"],\"@id\":\"https:\\\/\\\/www.vom-taubertal.de\\\/blog\\\/#\\\/schema\\\/person\\\/368654e092f5785df440fe834ecc3049\",\"name\":\"afrank\",\"image\":{\"@type\":\"ImageObject\",\"inLanguage\":\"de\",\"@id\":\"https:\\\/\\\/www.vom-taubertal.de\\\/blog\\\/wp-content\\\/uploads\\\/2019\\\/03\\\/Andrea_Dividi_02.jpg\",\"url\":\"https:\\\/\\\/www.vom-taubertal.de\\\/blog\\\/wp-content\\\/uploads\\\/2019\\\/03\\\/Andrea_Dividi_02.jpg\",\"contentUrl\":\"https:\\\/\\\/www.vom-taubertal.de\\\/blog\\\/wp-content\\\/uploads\\\/2019\\\/03\\\/Andrea_Dividi_02.jpg\",\"width\":653,\"height\":800,\"caption\":\"afrank\"},\"logo\":{\"@id\":\"https:\\\/\\\/www.vom-taubertal.de\\\/blog\\\/wp-content\\\/uploads\\\/2019\\\/03\\\/Andrea_Dividi_02.jpg\"}}]}<\/script>\n<!-- \/ Yoast SEO plugin. -->","yoast_head_json":{"title":"Wenn der Garten zum Leben erwacht .... Taubertalperser","description":"Ich entf\u00fchre euch ein wenig in unseren Garten und zeige euch ein klein wenig was da so kreucht und fleucht. F\u00fcr mich gibt es t\u00e4glich etwas zu entdecken","robots":{"index":"index","follow":"follow","max-snippet":"max-snippet:-1","max-image-preview":"max-image-preview:large","max-video-preview":"max-video-preview:-1"},"canonical":"https:\/\/www.vom-taubertal.de\/blog\/wenn-der-garten-zum-leben-erwacht\/","og_locale":"de_DE","og_type":"article","og_title":"Wenn der Garten zum Leben erwacht .... Taubertalperser","og_description":"Ich entf\u00fchre euch ein wenig in unseren Garten und zeige euch ein klein wenig was da so kreucht und fleucht. F\u00fcr mich gibt es t\u00e4glich etwas zu entdecken","og_url":"https:\/\/www.vom-taubertal.de\/blog\/wenn-der-garten-zum-leben-erwacht\/","og_site_name":"Die Taubertalperser","article_published_time":"2019-08-28T10:39:44+00:00","article_modified_time":"2019-08-28T17:11:04+00:00","og_image":[{"width":800,"height":533,"url":"https:\/\/www.vom-taubertal.de\/blog\/wp-content\/uploads\/2019\/07\/Garten-summt-Taubertalperser-Titelbild.jpg","type":"image\/jpeg"}],"author":"afrank","twitter_misc":{"Verfasst von":"afrank","Gesch\u00e4tzte Lesezeit":"4\u00a0Minuten"},"schema":{"@context":"https:\/\/schema.org","@graph":[{"@type":"Article","@id":"https:\/\/www.vom-taubertal.de\/blog\/wenn-der-garten-zum-leben-erwacht\/#article","isPartOf":{"@id":"https:\/\/www.vom-taubertal.de\/blog\/wenn-der-garten-zum-leben-erwacht\/"},"author":{"name":"afrank","@id":"https:\/\/www.vom-taubertal.de\/blog\/#\/schema\/person\/368654e092f5785df440fe834ecc3049"},"headline":"Wenn der Garten zum Leben erwacht \u00a0\u2026..","datePublished":"2019-08-28T10:39:44+00:00","dateModified":"2019-08-28T17:11:04+00:00","mainEntityOfPage":{"@id":"https:\/\/www.vom-taubertal.de\/blog\/wenn-der-garten-zum-leben-erwacht\/"},"wordCount":889,"commentCount":2,"publisher":{"@id":"https:\/\/www.vom-taubertal.de\/blog\/#\/schema\/person\/368654e092f5785df440fe834ecc3049"},"image":{"@id":"https:\/\/www.vom-taubertal.de\/blog\/wenn-der-garten-zum-leben-erwacht\/#primaryimage"},"thumbnailUrl":"https:\/\/i0.wp.com\/www.vom-taubertal.de\/blog\/wp-content\/uploads\/2019\/07\/Garten-summt-Taubertalperser-Titelbild.jpg?fit=800%2C533&quality=100&ssl=1","inLanguage":"de","potentialAction":[{"@type":"CommentAction","name":"Comment","target":["https:\/\/www.vom-taubertal.de\/blog\/wenn-der-garten-zum-leben-erwacht\/#respond"]}]},{"@type":"WebPage","@id":"https:\/\/www.vom-taubertal.de\/blog\/wenn-der-garten-zum-leben-erwacht\/","url":"https:\/\/www.vom-taubertal.de\/blog\/wenn-der-garten-zum-leben-erwacht\/","name":"Wenn der Garten zum Leben erwacht .... Taubertalperser","isPartOf":{"@id":"https:\/\/www.vom-taubertal.de\/blog\/#website"},"primaryImageOfPage":{"@id":"https:\/\/www.vom-taubertal.de\/blog\/wenn-der-garten-zum-leben-erwacht\/#primaryimage"},"image":{"@id":"https:\/\/www.vom-taubertal.de\/blog\/wenn-der-garten-zum-leben-erwacht\/#primaryimage"},"thumbnailUrl":"https:\/\/i0.wp.com\/www.vom-taubertal.de\/blog\/wp-content\/uploads\/2019\/07\/Garten-summt-Taubertalperser-Titelbild.jpg?fit=800%2C533&quality=100&ssl=1","datePublished":"2019-08-28T10:39:44+00:00","dateModified":"2019-08-28T17:11:04+00:00","description":"Ich entf\u00fchre euch ein wenig in unseren Garten und zeige euch ein klein wenig was da so kreucht und fleucht. F\u00fcr mich gibt es t\u00e4glich etwas zu entdecken","breadcrumb":{"@id":"https:\/\/www.vom-taubertal.de\/blog\/wenn-der-garten-zum-leben-erwacht\/#breadcrumb"},"inLanguage":"de","potentialAction":[{"@type":"ReadAction","target":["https:\/\/www.vom-taubertal.de\/blog\/wenn-der-garten-zum-leben-erwacht\/"]}]},{"@type":"ImageObject","inLanguage":"de","@id":"https:\/\/www.vom-taubertal.de\/blog\/wenn-der-garten-zum-leben-erwacht\/#primaryimage","url":"https:\/\/i0.wp.com\/www.vom-taubertal.de\/blog\/wp-content\/uploads\/2019\/07\/Garten-summt-Taubertalperser-Titelbild.jpg?fit=800%2C533&quality=100&ssl=1","contentUrl":"https:\/\/i0.wp.com\/www.vom-taubertal.de\/blog\/wp-content\/uploads\/2019\/07\/Garten-summt-Taubertalperser-Titelbild.jpg?fit=800%2C533&quality=100&ssl=1","width":800,"height":533,"caption":"Garten, Natur, Taubertalperser, Streifenwanze, insektenfreundlich"},{"@type":"BreadcrumbList","@id":"https:\/\/www.vom-taubertal.de\/blog\/wenn-der-garten-zum-leben-erwacht\/#breadcrumb","itemListElement":[{"@type":"ListItem","position":1,"name":"Home","item":"https:\/\/www.vom-taubertal.de\/blog\/"},{"@type":"ListItem","position":2,"name":"Wenn der Garten zum Leben erwacht \u00a0\u2026.."}]},{"@type":"WebSite","@id":"https:\/\/www.vom-taubertal.de\/blog\/#website","url":"https:\/\/www.vom-taubertal.de\/blog\/","name":"Die Taubertalperser","description":"Alles \u00fcber und f\u00fcr Katzen ","publisher":{"@id":"https:\/\/www.vom-taubertal.de\/blog\/#\/schema\/person\/368654e092f5785df440fe834ecc3049"},"potentialAction":[{"@type":"SearchAction","target":{"@type":"EntryPoint","urlTemplate":"https:\/\/www.vom-taubertal.de\/blog\/?s={search_term_string}"},"query-input":{"@type":"PropertyValueSpecification","valueRequired":true,"valueName":"search_term_string"}}],"inLanguage":"de"},{"@type":["Person","Organization"],"@id":"https:\/\/www.vom-taubertal.de\/blog\/#\/schema\/person\/368654e092f5785df440fe834ecc3049","name":"afrank","image":{"@type":"ImageObject","inLanguage":"de","@id":"https:\/\/www.vom-taubertal.de\/blog\/wp-content\/uploads\/2019\/03\/Andrea_Dividi_02.jpg","url":"https:\/\/www.vom-taubertal.de\/blog\/wp-content\/uploads\/2019\/03\/Andrea_Dividi_02.jpg","contentUrl":"https:\/\/www.vom-taubertal.de\/blog\/wp-content\/uploads\/2019\/03\/Andrea_Dividi_02.jpg","width":653,"height":800,"caption":"afrank"},"logo":{"@id":"https:\/\/www.vom-taubertal.de\/blog\/wp-content\/uploads\/2019\/03\/Andrea_Dividi_02.jpg"}}]}},"jetpack_publicize_connections":[],"jetpack_featured_media_url":"https:\/\/i0.wp.com\/www.vom-taubertal.de\/blog\/wp-content\/uploads\/2019\/07\/Garten-summt-Taubertalperser-Titelbild.jpg?fit=800%2C533&quality=100&ssl=1","jetpack_sharing_enabled":true,"_links":{"self":[{"href":"https:\/\/www.vom-taubertal.de\/blog\/wp-json\/wp\/v2\/posts\/27410","targetHints":{"allow":["GET"]}}],"collection":[{"href":"https:\/\/www.vom-taubertal.de\/blog\/wp-json\/wp\/v2\/posts"}],"about":[{"href":"https:\/\/www.vom-taubertal.de\/blog\/wp-json\/wp\/v2\/types\/post"}],"author":[{"embeddable":true,"href":"https:\/\/www.vom-taubertal.de\/blog\/wp-json\/wp\/v2\/users\/1"}],"replies":[{"embeddable":true,"href":"https:\/\/www.vom-taubertal.de\/blog\/wp-json\/wp\/v2\/comments?post=27410"}],"version-history":[{"count":11,"href":"https:\/\/www.vom-taubertal.de\/blog\/wp-json\/wp\/v2\/posts\/27410\/revisions"}],"predecessor-version":[{"id":27723,"href":"https:\/\/www.vom-taubertal.de\/blog\/wp-json\/wp\/v2\/posts\/27410\/revisions\/27723"}],"wp:featuredmedia":[{"embeddable":true,"href":"https:\/\/www.vom-taubertal.de\/blog\/wp-json\/wp\/v2\/media\/27425"}],"wp:attachment":[{"href":"https:\/\/www.vom-taubertal.de\/blog\/wp-json\/wp\/v2\/media?parent=27410"}],"wp:term":[{"taxonomy":"category","embeddable":true,"href":"https:\/\/www.vom-taubertal.de\/blog\/wp-json\/wp\/v2\/categories?post=27410"},{"taxonomy":"post_tag","embeddable":true,"href":"https:\/\/www.vom-taubertal.de\/blog\/wp-json\/wp\/v2\/tags?post=27410"}],"curies":[{"name":"wp","href":"https:\/\/api.w.org\/{rel}","templated":true}]}}