{"id":32069,"date":"2021-09-27T19:17:49","date_gmt":"2021-09-27T17:17:49","guid":{"rendered":"https:\/\/www.vom-taubertal.de\/blog\/?p=32069"},"modified":"2021-09-27T19:17:49","modified_gmt":"2021-09-27T17:17:49","slug":"rueckblick-haustiermesse-wien-st-marx","status":"publish","type":"post","link":"https:\/\/www.vom-taubertal.de\/blog\/rueckblick-haustiermesse-wien-st-marx\/","title":{"rendered":"R\u00fcckblick Haustiermesse Wien \u2013 St. Marx"},"content":{"rendered":"<p>&nbsp;<\/p>\n<p>Da ich vergangene Woche aus privaten Gr\u00fcnden nach Wien reisen musste, bot es sich f\u00fcr mich an am Wochenende mir die Haustiermesse in Wien anzusehen.<\/p>\n<p><!--more--><\/p>\n<p>Bereits <em><strong><a href=\"https:\/\/www.vom-taubertal.de\/blog\/rueckblick-zu-besuch-bei-der-haustiermesse-in-wien\/\" target=\"_blank\" rel=\"noopener\">letztes Jahr habe ich sie besucht<\/a><\/strong><\/em> und kurz danach kam der gesellschaftliche Lockdown in \u00d6sterreich. Danach ging nichts mehr \u2013 keine Veranstaltungen jeglicher Form waren noch erlaubt und auch dieses Jahr d\u00fcrfte diese Messe so ziemlich die letzte sein, die in dieser Form durchgef\u00fchrt werden durfte.<\/p>\n<p>Also nichts wie hin, um vielleicht das eine oder andere zu sehen, etwas einzukaufen oder auch alte Bekannte zu treffen.<\/p>\n<div id=\"ez-toc-container\" class=\"ez-toc-v2_0_82_2 counter-hierarchy ez-toc-counter ez-toc-grey ez-toc-container-direction\">\n<div class=\"ez-toc-title-container\">\n<p class=\"ez-toc-title\" style=\"cursor:inherit\">Inhaltsverzeichnis<\/p>\n<span class=\"ez-toc-title-toggle\"><a href=\"#\" class=\"ez-toc-pull-right ez-toc-btn ez-toc-btn-xs ez-toc-btn-default ez-toc-toggle\" aria-label=\"Toggle Table of Content\"><span class=\"ez-toc-js-icon-con\"><span class=\"\"><span class=\"eztoc-hide\" style=\"display:none;\">Toggle<\/span><span class=\"ez-toc-icon-toggle-span\"><svg style=\"fill: #999;color:#999\" xmlns=\"http:\/\/www.w3.org\/2000\/svg\" class=\"list-377408\" width=\"20px\" height=\"20px\" viewBox=\"0 0 24 24\" fill=\"none\"><path d=\"M6 6H4v2h2V6zm14 0H8v2h12V6zM4 11h2v2H4v-2zm16 0H8v2h12v-2zM4 16h2v2H4v-2zm16 0H8v2h12v-2z\" fill=\"currentColor\"><\/path><\/svg><svg style=\"fill: #999;color:#999\" class=\"arrow-unsorted-368013\" xmlns=\"http:\/\/www.w3.org\/2000\/svg\" width=\"10px\" height=\"10px\" viewBox=\"0 0 24 24\" version=\"1.2\" baseProfile=\"tiny\"><path d=\"M18.2 9.3l-6.2-6.3-6.2 6.3c-.2.2-.3.4-.3.7s.1.5.3.7c.2.2.4.3.7.3h11c.3 0 .5-.1.7-.3.2-.2.3-.5.3-.7s-.1-.5-.3-.7zM5.8 14.7l6.2 6.3 6.2-6.3c.2-.2.3-.5.3-.7s-.1-.5-.3-.7c-.2-.2-.4-.3-.7-.3h-11c-.3 0-.5.1-.7.3-.2.2-.3.5-.3.7s.1.5.3.7z\"\/><\/svg><\/span><\/span><\/span><\/a><\/span><\/div>\n<nav><ul class='ez-toc-list ez-toc-list-level-1 ' ><li class='ez-toc-page-1 ez-toc-heading-level-3'><a class=\"ez-toc-link ez-toc-heading-1\" href=\"https:\/\/www.vom-taubertal.de\/blog\/rueckblick-haustiermesse-wien-st-marx\/#Die_Haustiermesse_in_den_St_Marx_Hallen\" >Die Haustiermesse in den St. Marx Hallen<\/a><\/li><li class='ez-toc-page-1 ez-toc-heading-level-3'><a class=\"ez-toc-link ez-toc-heading-2\" href=\"https:\/\/www.vom-taubertal.de\/blog\/rueckblick-haustiermesse-wien-st-marx\/#Die_Katzenausstellung_des_OeVEK\" >Die Katzenausstellung des \u00d6VEK<\/a><\/li><li class='ez-toc-page-1 ez-toc-heading-level-3'><a class=\"ez-toc-link ez-toc-heading-3\" href=\"https:\/\/www.vom-taubertal.de\/blog\/rueckblick-haustiermesse-wien-st-marx\/#Hundeliebhaber_kamen_voll_auf_ihre_Kosten\" >Hundeliebhaber kamen voll auf ihre Kosten<\/a><\/li><li class='ez-toc-page-1 ez-toc-heading-level-3'><a class=\"ez-toc-link ez-toc-heading-4\" href=\"https:\/\/www.vom-taubertal.de\/blog\/rueckblick-haustiermesse-wien-st-marx\/#Die_Organisation_der_Haustiermesse\" >Die Organisation der Haustiermesse<\/a><\/li><\/ul><\/nav><\/div>\n<h3><span class=\"ez-toc-section\" id=\"Die_Haustiermesse_in_den_St_Marx_Hallen\"><\/span>Die Haustiermesse in den St. Marx Hallen<span class=\"ez-toc-section-end\"><\/span><\/h3>\n<p>Ich muss gestehen, ich mag diese geschichtstr\u00e4chtigen Hallen. Was mich auch total fasziniert ist der extreme Kontrast zwischen alten und neuen, modernen Geb\u00e4uden.<\/p>\n<p><a href=\"https:\/\/i0.wp.com\/www.vom-taubertal.de\/blog\/wp-content\/uploads\/2021\/09\/alt-vs-modern-Haustiermesse.jpg?quality=100&#038;ssl=1\"><img data-recalc-dims=\"1\" loading=\"lazy\" decoding=\"async\" class=\"aligncenter size-full wp-image-32072\" src=\"https:\/\/i0.wp.com\/www.vom-taubertal.de\/blog\/wp-content\/uploads\/2021\/09\/alt-vs-modern-Haustiermesse.jpg?resize=800%2C533&#038;quality=100&#038;ssl=1\" alt=\"alter Zaun modernes Hochhaus\" width=\"800\" height=\"533\" srcset=\"https:\/\/i0.wp.com\/www.vom-taubertal.de\/blog\/wp-content\/uploads\/2021\/09\/alt-vs-modern-Haustiermesse.jpg?w=800&amp;quality=100&amp;ssl=1 800w, https:\/\/i0.wp.com\/www.vom-taubertal.de\/blog\/wp-content\/uploads\/2021\/09\/alt-vs-modern-Haustiermesse.jpg?resize=300%2C200&amp;quality=100&amp;ssl=1 300w, https:\/\/i0.wp.com\/www.vom-taubertal.de\/blog\/wp-content\/uploads\/2021\/09\/alt-vs-modern-Haustiermesse.jpg?resize=768%2C512&amp;quality=100&amp;ssl=1 768w\" sizes=\"auto, (max-width: 800px) 100vw, 800px\" \/><\/a>Also man sollte, wenn man diese Fahrt zu der Haustiermesse auf sich nimmt auch mal rechts und links gucken. Man wird da viel Interessantes entdecken k\u00f6nnen.<\/p>\n<p>Die Eintrittspreise waren mit 10 Euro ab 16 Jahre angesetzt, es gab aber die eine oder andere Erm\u00e4\u00dfigung, wenn man den Newsletter z.B. abonnierte oder aber dem Veranstalter auf FB folgte, so dass man schon f\u00fcr 8 Euro ein Tagesticket l\u00f6sen konnte.<br \/>\nKinder unter 5 Jahre konnten kostenfrei mitgenommen werden und von 6 bis 15 Jahre zahlte man f\u00fcr sie 5 Euro.<\/p>\n<p><a href=\"https:\/\/i0.wp.com\/www.vom-taubertal.de\/blog\/wp-content\/uploads\/2021\/09\/Vortrag-Haustiermesse.jpg?quality=100&#038;ssl=1\"><img data-recalc-dims=\"1\" loading=\"lazy\" decoding=\"async\" class=\"aligncenter size-full wp-image-32073\" src=\"https:\/\/i0.wp.com\/www.vom-taubertal.de\/blog\/wp-content\/uploads\/2021\/09\/Vortrag-Haustiermesse.jpg?resize=800%2C533&#038;quality=100&#038;ssl=1\" alt=\"Sprecherin Hundehaltung\" width=\"800\" height=\"533\" srcset=\"https:\/\/i0.wp.com\/www.vom-taubertal.de\/blog\/wp-content\/uploads\/2021\/09\/Vortrag-Haustiermesse.jpg?w=800&amp;quality=100&amp;ssl=1 800w, https:\/\/i0.wp.com\/www.vom-taubertal.de\/blog\/wp-content\/uploads\/2021\/09\/Vortrag-Haustiermesse.jpg?resize=300%2C200&amp;quality=100&amp;ssl=1 300w, https:\/\/i0.wp.com\/www.vom-taubertal.de\/blog\/wp-content\/uploads\/2021\/09\/Vortrag-Haustiermesse.jpg?resize=768%2C512&amp;quality=100&amp;ssl=1 768w\" sizes=\"auto, (max-width: 800px) 100vw, 800px\" \/><\/a>Neben zahlreichen Austellern gab es auch ein abwechslungsreiches Rahmenprogramm und kam wohl ein jeder auf seine Kosten.<\/p>\n<p>Und auch wenn manche Tiere nicht unbedingt von einem bevorzugt wurden, so konnte man doch den einen oder anderen doch faszinierten Blick von Spinnen, Gespensterschrecken &amp; Co. nicht lassen.<\/p>\n<h3><span class=\"ez-toc-section\" id=\"Die_Katzenausstellung_des_OeVEK\"><\/span>Die Katzenausstellung des \u00d6VEK<span class=\"ez-toc-section-end\"><\/span><\/h3>\n<p>Hach ja, klar dass ich besonders von der Katzenausstellung angetan war. Das es Coronabedingt weitaus weniger Katzen als sonst gab war zwar bedauerlich, aber trotzdem konnte man hier viele wundersch\u00f6ne Samtpfoten bestaunen und das eine oder andere wissenswerte \u00fcber die edlen Samtpfoten erfahren.<\/p>\n<p><a href=\"https:\/\/i0.wp.com\/www.vom-taubertal.de\/blog\/wp-content\/uploads\/2021\/09\/Perserkatze-Haustiermesse.jpg?quality=100&#038;ssl=1\"><img data-recalc-dims=\"1\" loading=\"lazy\" decoding=\"async\" class=\"aligncenter size-full wp-image-32074\" src=\"https:\/\/i0.wp.com\/www.vom-taubertal.de\/blog\/wp-content\/uploads\/2021\/09\/Perserkatze-Haustiermesse.jpg?resize=800%2C533&#038;quality=100&#038;ssl=1\" alt=\"Perserkatze in K\u00e4fig bei einer Messe\" width=\"800\" height=\"533\" srcset=\"https:\/\/i0.wp.com\/www.vom-taubertal.de\/blog\/wp-content\/uploads\/2021\/09\/Perserkatze-Haustiermesse.jpg?w=800&amp;quality=100&amp;ssl=1 800w, https:\/\/i0.wp.com\/www.vom-taubertal.de\/blog\/wp-content\/uploads\/2021\/09\/Perserkatze-Haustiermesse.jpg?resize=300%2C200&amp;quality=100&amp;ssl=1 300w, https:\/\/i0.wp.com\/www.vom-taubertal.de\/blog\/wp-content\/uploads\/2021\/09\/Perserkatze-Haustiermesse.jpg?resize=768%2C512&amp;quality=100&amp;ssl=1 768w\" sizes=\"auto, (max-width: 800px) 100vw, 800px\" \/><\/a>Und der eine oder andere Besucher kam auch mit seiner Katze auf der Schulter vorbei und war nat\u00fcrlich f\u00fcr viele andere Besucher ein absolutes Highlight &#x1f60a;<\/p>\n<p>Aber es gab auch vieles f\u00fcr die geliebten Samtpfoten zu kaufen und selbst ich habe so das eine oder andere interessante Teil entdeckt, dass ich so noch nicht gekannt habe oder mir besonders ins Auge stach.<\/p>\n<h3><span class=\"ez-toc-section\" id=\"Hundeliebhaber_kamen_voll_auf_ihre_Kosten\"><\/span>Hundeliebhaber kamen voll auf ihre Kosten<span class=\"ez-toc-section-end\"><\/span><\/h3>\n<p>Ich muss gestehen ich habe mich bei dieser Messe ausgesprochen gut unterhalten gef\u00fchlt. Sei es bei den diversen Vorf\u00fchrungen in der Messehalle selbst oder aber auch beim Dogdiving auf der Freifl\u00e4che.<\/p>\n<p><a href=\"https:\/\/i0.wp.com\/www.vom-taubertal.de\/blog\/wp-content\/uploads\/2021\/09\/Dogdiving.jpg?quality=100&#038;ssl=1\"><img data-recalc-dims=\"1\" loading=\"lazy\" decoding=\"async\" class=\"aligncenter size-full wp-image-32075\" src=\"https:\/\/i0.wp.com\/www.vom-taubertal.de\/blog\/wp-content\/uploads\/2021\/09\/Dogdiving.jpg?resize=800%2C533&#038;quality=100&#038;ssl=1\" alt=\"Hund springt ins Wasser\" width=\"800\" height=\"533\" srcset=\"https:\/\/i0.wp.com\/www.vom-taubertal.de\/blog\/wp-content\/uploads\/2021\/09\/Dogdiving.jpg?w=800&amp;quality=100&amp;ssl=1 800w, https:\/\/i0.wp.com\/www.vom-taubertal.de\/blog\/wp-content\/uploads\/2021\/09\/Dogdiving.jpg?resize=300%2C200&amp;quality=100&amp;ssl=1 300w, https:\/\/i0.wp.com\/www.vom-taubertal.de\/blog\/wp-content\/uploads\/2021\/09\/Dogdiving.jpg?resize=768%2C512&amp;quality=100&amp;ssl=1 768w\" sizes=\"auto, (max-width: 800px) 100vw, 800px\" \/><\/a>Der eine oder andere Hund sorgte nicht nur f\u00fcr die Verzweiflung seines Besitzers, sondern f\u00fcr manche Heiterkeitsausbr\u00fcche bei den Zusehern. Und ja auch Hunde k\u00f6nnen absolut wasserscheu sein, wie ich feststellen durfte w\u00e4hrend andere absolut keine Scheu hatten und einfach mal \u201erein\u201c. Ach, das B\u00e4llchen noch nicht im Becken? Egal, der Hund ist schon drinnen &#x1f60a;<\/p>\n<p>Es gab auch viele gro\u00dfartige Produkte f\u00fcr Hunde und ihre Besitzer zu kaufen, genauso wie nat\u00fcrlich Terrarienfreunde nicht zu kurz kamen.<\/p>\n<p>Wie auch das Jahr zuvor kam auch hier das leibliche Wohl nicht zu kurz und so konnte man sich bei dem einen oder anderen Stand st\u00e4rken, bevor man seine schweren Eink\u00e4ufe nach Hause verfrachtete.<\/p>\n<p><a href=\"https:\/\/i0.wp.com\/www.vom-taubertal.de\/blog\/wp-content\/uploads\/2021\/09\/Baumstamm-Haustiermesse.jpg?quality=100&#038;ssl=1\"><img data-recalc-dims=\"1\" loading=\"lazy\" decoding=\"async\" class=\"aligncenter size-full wp-image-32076\" src=\"https:\/\/i0.wp.com\/www.vom-taubertal.de\/blog\/wp-content\/uploads\/2021\/09\/Baumstamm-Haustiermesse.jpg?resize=800%2C533&#038;quality=100&#038;ssl=1\" alt=\"\" width=\"800\" height=\"533\" srcset=\"https:\/\/i0.wp.com\/www.vom-taubertal.de\/blog\/wp-content\/uploads\/2021\/09\/Baumstamm-Haustiermesse.jpg?w=800&amp;quality=100&amp;ssl=1 800w, https:\/\/i0.wp.com\/www.vom-taubertal.de\/blog\/wp-content\/uploads\/2021\/09\/Baumstamm-Haustiermesse.jpg?resize=300%2C200&amp;quality=100&amp;ssl=1 300w, https:\/\/i0.wp.com\/www.vom-taubertal.de\/blog\/wp-content\/uploads\/2021\/09\/Baumstamm-Haustiermesse.jpg?resize=768%2C512&amp;quality=100&amp;ssl=1 768w\" sizes=\"auto, (max-width: 800px) 100vw, 800px\" \/><\/a><\/p>\n<h3><span class=\"ez-toc-section\" id=\"Die_Organisation_der_Haustiermesse\"><\/span>Die Organisation der Haustiermesse<span class=\"ez-toc-section-end\"><\/span><\/h3>\n<p>In Corona-Zeiten ist so eine Messe zu veranstalten eine enorme Herausforderung und stellt viele Veranstalter vor eine enorme logistische Herausforderung.<\/p>\n<p>Ein entsprechendes Hygienekonzept ist das eine aber das \u00fcber einem schwebenden Damoklesschwert, dass in letzter Sekunde die Messe verhindern k\u00f6nnte, das andere.<\/p>\n<p>Aber es geh\u00f6ren ja auch entsprechende Aussteller auf so eine Messe, um f\u00fcr die Besucher attraktiv zu sein.<\/p>\n<p>Ich mochte nicht wissen, wie viele N\u00e4chte davor ausgesprochen schlecht geschlafen wurde und was f\u00fcr eine Anstrengung daf\u00fcr notwendig war dies so auf die Beine zu stellen.<\/p>\n<p>Aber Respekt \u2013 es wurde durchgezogen. 3G f\u00fcr Menschen, Tollwutimpfung bei den Hunden. Und es lief. Zwar nicht so gro\u00df wie das Jahr zuvor aber doch eine ausgesprochen interessante und sehr gute Mischung aus allen Bereichen, so dass f\u00fcr einen jeden etwas dabei war.<\/p>\n<p><a href=\"https:\/\/i0.wp.com\/www.vom-taubertal.de\/blog\/wp-content\/uploads\/2021\/09\/Ich-werd-gefahren.jpg?quality=100&#038;ssl=1\"><img data-recalc-dims=\"1\" loading=\"lazy\" decoding=\"async\" class=\"aligncenter size-full wp-image-32077\" src=\"https:\/\/i0.wp.com\/www.vom-taubertal.de\/blog\/wp-content\/uploads\/2021\/09\/Ich-werd-gefahren.jpg?resize=800%2C533&#038;quality=100&#038;ssl=1\" alt=\"\" width=\"800\" height=\"533\" srcset=\"https:\/\/i0.wp.com\/www.vom-taubertal.de\/blog\/wp-content\/uploads\/2021\/09\/Ich-werd-gefahren.jpg?w=800&amp;quality=100&amp;ssl=1 800w, https:\/\/i0.wp.com\/www.vom-taubertal.de\/blog\/wp-content\/uploads\/2021\/09\/Ich-werd-gefahren.jpg?resize=300%2C200&amp;quality=100&amp;ssl=1 300w, https:\/\/i0.wp.com\/www.vom-taubertal.de\/blog\/wp-content\/uploads\/2021\/09\/Ich-werd-gefahren.jpg?resize=768%2C512&amp;quality=100&amp;ssl=1 768w\" sizes=\"auto, (max-width: 800px) 100vw, 800px\" \/><\/a>Man k\u00f6nnte meckern \u00fcber das eine oder andere aber nur wenn alles \u201enormal\u201c w\u00e4re. Ist es aber nicht. So sollten wir froh sein, dass es Veranstalter gibt, die sich dieser Mammutaufgabe stellen.<\/p>\n<p>Gro\u00dfer Respekt also an den Veranstalter und seine absolut zauberhaften Mitarbeiterinnen mit den tollen ausgefallenen Namen. Roxana, eine der wirklich netten jungen Damen hat mich schon beim Gehen auf die n\u00e4chste Messe hinwiesen und fragten \u201eWir sehen uns dann doch wieder?\u201c<\/p>\n<p>\u00c4hm \u2013 ja und ich komme sehr, sehr gerne wieder &#x1f60a;<\/p>\n<p>Und damit ihr auch schon euren Termin planen k\u00f6nnt, die n\u00e4chste Haustiermesse ist geplant f\u00fcr den<\/p>\n<p style=\"text-align: center;\"><strong><span class=\"d2edcug0 hpfvmrgz qv66sw1b c1et5uql lr9zc1uh a8c37x1j keod5gw0 nxhoafnm aigsh9s9 d3f4x2em fe6kdd0r mau55g9w c8b282yb iv3no6db jq4qci2q a3bd9o3v b1v8xokw oo9gr5id hzawbc8m\" dir=\"auto\">26. und 27. Februar 2022<\/span><\/strong><\/p>\n<p>Ach und noch eine kleine Randnotiz: Vor mehreren Wochen wurde ich von einer Leserin angeschrieben ob ich nicht mal zwei \u00f6sterreichische Futtersorten testen k\u00f6nnte, sie f\u00e4nde die nicht so schlecht :-)<\/p>\n<p>Ich auch nicht nachdem ich mich informiert hatte, leider liefert das eine Unternehmen nicht nach Deutschland. Wenn nun mehrere kreative Menschen zusammenarbeiten wird das Futterpaket halt an das Hotel gesendet in dem ich \u00fcbernachtete. Und als h\u00e4tte ich nun nicht zwei neue Futtersorten zu bearbeiten. Nein, ich habe da noch ein drittes Katzenfutter gefunden das ich sehr spannend finde :-)<\/p>\n<p>So genug geschw\u00e4tzt hier noch ein paar Impressionen und vielleicht trifft man sich ja im n\u00e4chsten Jahr :-)<\/p>\n<p>ngg_shortcode_0_placeholder&nbsp;<br \/>\n<script async=\"\" src=\"https:\/\/pagead2.googlesyndication.com\/pagead\/js\/adsbygoogle.js?client=ca-pub-3363977028533397\" crossorigin=\"anonymous\"><\/script><br \/>\n<ins class=\"adsbygoogle\" style=\"display: block;\" data-ad-format=\"autorelaxed\" data-ad-client=\"ca-pub-3363977028533397\" data-ad-slot=\"1497449773\"><\/ins><br \/>\n<script>\n     (adsbygoogle = window.adsbygoogle || []).push({});\n<\/script><\/p>\n","protected":false},"excerpt":{"rendered":"<p>&nbsp; Da ich vergangene Woche aus privaten Gr\u00fcnden nach Wien reisen musste, bot es sich f\u00fcr mich an am Wochenende<\/p>\n","protected":false},"author":1,"featured_media":32071,"comment_status":"open","ping_status":"open","sticky":false,"template":"","format":"standard","meta":{"colormag_page_container_layout":"default_layout","colormag_page_sidebar_layout":"default_layout","sfsi_plus_gutenberg_text_before_share":"","sfsi_plus_gutenberg_show_text_before_share":"","sfsi_plus_gutenberg_icon_type":"","sfsi_plus_gutenberg_icon_alignemt":"","sfsi_plus_gutenburg_max_per_row":"","ngg_post_thumbnail":0,"_jetpack_memberships_contains_paid_content":false,"footnotes":"","jetpack_publicize_message":"","jetpack_publicize_feature_enabled":true,"jetpack_social_post_already_shared":true,"jetpack_social_options":{"image_generator_settings":{"template":"highway","default_image_id":0,"font":"","enabled":false},"version":2},"_wpas_customize_per_network":false},"categories":[1],"tags":[2695,2697,2406,879,827,2694,2696,45],"class_list":["post-32069","post","type-post","status-publish","format-standard","has-post-thumbnail","hentry","category-allgemein-katzen-perserkatzen-taubertalperser","tag-dogdiving","tag-foodtrucks","tag-haustiermesse","tag-heimtiermesse","tag-katzenausstellungen-perserkatzen-taubertalperser","tag-st-marx","tag-vortraege","tag-wien"],"yoast_head":"<!-- This site is optimized with the Yoast SEO plugin v27.5 - https:\/\/yoast.com\/product\/yoast-seo-wordpress\/ -->\n<title>R\u00fcckblick: Haustiermesse Wien - St. Mark - Taubertalperser<\/title>\n<meta name=\"description\" content=\"Am Wochenende fand in den alten Hallen von St. Marx die Haustiermesse statt und wir haben uns dort ein wenig umgesehen.\" \/>\n<meta name=\"robots\" content=\"index, follow, max-snippet:-1, max-image-preview:large, max-video-preview:-1\" \/>\n<link rel=\"canonical\" href=\"https:\/\/www.vom-taubertal.de\/blog\/rueckblick-haustiermesse-wien-st-marx\/\" \/>\n<meta property=\"og:locale\" content=\"de_DE\" \/>\n<meta property=\"og:type\" content=\"article\" \/>\n<meta property=\"og:title\" content=\"R\u00fcckblick: Haustiermesse Wien - St. Mark - Taubertalperser\" \/>\n<meta property=\"og:description\" content=\"Am Wochenende fand in den alten Hallen von St. Marx die Haustiermesse statt und wir haben uns dort ein wenig umgesehen.\" \/>\n<meta property=\"og:url\" content=\"https:\/\/www.vom-taubertal.de\/blog\/rueckblick-haustiermesse-wien-st-marx\/\" \/>\n<meta property=\"og:site_name\" content=\"Die Taubertalperser\" \/>\n<meta property=\"article:published_time\" content=\"2021-09-27T17:17:49+00:00\" \/>\n<meta property=\"og:image\" content=\"https:\/\/www.vom-taubertal.de\/blog\/wp-content\/uploads\/2021\/09\/Titelbild-Haustiermesse.jpg\" \/>\n\t<meta property=\"og:image:width\" content=\"800\" \/>\n\t<meta property=\"og:image:height\" content=\"533\" \/>\n\t<meta property=\"og:image:type\" content=\"image\/jpeg\" \/>\n<meta name=\"author\" content=\"afrank\" \/>\n<meta name=\"twitter:label1\" content=\"Verfasst von\" \/>\n\t<meta name=\"twitter:data1\" content=\"afrank\" \/>\n\t<meta name=\"twitter:label2\" content=\"Gesch\u00e4tzte Lesezeit\" \/>\n\t<meta name=\"twitter:data2\" content=\"5\u00a0Minuten\" \/>\n<script type=\"application\/ld+json\" class=\"yoast-schema-graph\">{\"@context\":\"https:\\\/\\\/schema.org\",\"@graph\":[{\"@type\":\"Article\",\"@id\":\"https:\\\/\\\/www.vom-taubertal.de\\\/blog\\\/rueckblick-haustiermesse-wien-st-marx\\\/#article\",\"isPartOf\":{\"@id\":\"https:\\\/\\\/www.vom-taubertal.de\\\/blog\\\/rueckblick-haustiermesse-wien-st-marx\\\/\"},\"author\":{\"name\":\"afrank\",\"@id\":\"https:\\\/\\\/www.vom-taubertal.de\\\/blog\\\/#\\\/schema\\\/person\\\/368654e092f5785df440fe834ecc3049\"},\"headline\":\"R\u00fcckblick Haustiermesse Wien \u2013 St. Marx\",\"datePublished\":\"2021-09-27T17:17:49+00:00\",\"mainEntityOfPage\":{\"@id\":\"https:\\\/\\\/www.vom-taubertal.de\\\/blog\\\/rueckblick-haustiermesse-wien-st-marx\\\/\"},\"wordCount\":922,\"commentCount\":0,\"publisher\":{\"@id\":\"https:\\\/\\\/www.vom-taubertal.de\\\/blog\\\/#\\\/schema\\\/person\\\/368654e092f5785df440fe834ecc3049\"},\"image\":{\"@id\":\"https:\\\/\\\/www.vom-taubertal.de\\\/blog\\\/rueckblick-haustiermesse-wien-st-marx\\\/#primaryimage\"},\"thumbnailUrl\":\"https:\\\/\\\/i0.wp.com\\\/www.vom-taubertal.de\\\/blog\\\/wp-content\\\/uploads\\\/2021\\\/09\\\/Titelbild-Haustiermesse.jpg?fit=800%2C533&quality=100&ssl=1\",\"keywords\":[\"Dogdiving\",\"Foodtrucks\",\"Haustiermesse\",\"Heimtiermesse\",\"Katzenausstellung\",\"St. Marx\",\"Vortr\u00e4ge\",\"Wien\"],\"inLanguage\":\"de\",\"potentialAction\":[{\"@type\":\"CommentAction\",\"name\":\"Comment\",\"target\":[\"https:\\\/\\\/www.vom-taubertal.de\\\/blog\\\/rueckblick-haustiermesse-wien-st-marx\\\/#respond\"]}]},{\"@type\":\"WebPage\",\"@id\":\"https:\\\/\\\/www.vom-taubertal.de\\\/blog\\\/rueckblick-haustiermesse-wien-st-marx\\\/\",\"url\":\"https:\\\/\\\/www.vom-taubertal.de\\\/blog\\\/rueckblick-haustiermesse-wien-st-marx\\\/\",\"name\":\"R\u00fcckblick: Haustiermesse Wien - St. Mark - Taubertalperser\",\"isPartOf\":{\"@id\":\"https:\\\/\\\/www.vom-taubertal.de\\\/blog\\\/#website\"},\"primaryImageOfPage\":{\"@id\":\"https:\\\/\\\/www.vom-taubertal.de\\\/blog\\\/rueckblick-haustiermesse-wien-st-marx\\\/#primaryimage\"},\"image\":{\"@id\":\"https:\\\/\\\/www.vom-taubertal.de\\\/blog\\\/rueckblick-haustiermesse-wien-st-marx\\\/#primaryimage\"},\"thumbnailUrl\":\"https:\\\/\\\/i0.wp.com\\\/www.vom-taubertal.de\\\/blog\\\/wp-content\\\/uploads\\\/2021\\\/09\\\/Titelbild-Haustiermesse.jpg?fit=800%2C533&quality=100&ssl=1\",\"datePublished\":\"2021-09-27T17:17:49+00:00\",\"description\":\"Am Wochenende fand in den alten Hallen von St. Marx die Haustiermesse statt und wir haben uns dort ein wenig umgesehen.\",\"breadcrumb\":{\"@id\":\"https:\\\/\\\/www.vom-taubertal.de\\\/blog\\\/rueckblick-haustiermesse-wien-st-marx\\\/#breadcrumb\"},\"inLanguage\":\"de\",\"potentialAction\":[{\"@type\":\"ReadAction\",\"target\":[\"https:\\\/\\\/www.vom-taubertal.de\\\/blog\\\/rueckblick-haustiermesse-wien-st-marx\\\/\"]}]},{\"@type\":\"ImageObject\",\"inLanguage\":\"de\",\"@id\":\"https:\\\/\\\/www.vom-taubertal.de\\\/blog\\\/rueckblick-haustiermesse-wien-st-marx\\\/#primaryimage\",\"url\":\"https:\\\/\\\/i0.wp.com\\\/www.vom-taubertal.de\\\/blog\\\/wp-content\\\/uploads\\\/2021\\\/09\\\/Titelbild-Haustiermesse.jpg?fit=800%2C533&quality=100&ssl=1\",\"contentUrl\":\"https:\\\/\\\/i0.wp.com\\\/www.vom-taubertal.de\\\/blog\\\/wp-content\\\/uploads\\\/2021\\\/09\\\/Titelbild-Haustiermesse.jpg?fit=800%2C533&quality=100&ssl=1\",\"width\":800,\"height\":533,\"caption\":\"Haustiermesse Marx Halle\"},{\"@type\":\"BreadcrumbList\",\"@id\":\"https:\\\/\\\/www.vom-taubertal.de\\\/blog\\\/rueckblick-haustiermesse-wien-st-marx\\\/#breadcrumb\",\"itemListElement\":[{\"@type\":\"ListItem\",\"position\":1,\"name\":\"Home\",\"item\":\"https:\\\/\\\/www.vom-taubertal.de\\\/blog\\\/\"},{\"@type\":\"ListItem\",\"position\":2,\"name\":\"R\u00fcckblick Haustiermesse Wien \u2013 St. Marx\"}]},{\"@type\":\"WebSite\",\"@id\":\"https:\\\/\\\/www.vom-taubertal.de\\\/blog\\\/#website\",\"url\":\"https:\\\/\\\/www.vom-taubertal.de\\\/blog\\\/\",\"name\":\"Die Taubertalperser\",\"description\":\"Alles \u00fcber und f\u00fcr Katzen \",\"publisher\":{\"@id\":\"https:\\\/\\\/www.vom-taubertal.de\\\/blog\\\/#\\\/schema\\\/person\\\/368654e092f5785df440fe834ecc3049\"},\"potentialAction\":[{\"@type\":\"SearchAction\",\"target\":{\"@type\":\"EntryPoint\",\"urlTemplate\":\"https:\\\/\\\/www.vom-taubertal.de\\\/blog\\\/?s={search_term_string}\"},\"query-input\":{\"@type\":\"PropertyValueSpecification\",\"valueRequired\":true,\"valueName\":\"search_term_string\"}}],\"inLanguage\":\"de\"},{\"@type\":[\"Person\",\"Organization\"],\"@id\":\"https:\\\/\\\/www.vom-taubertal.de\\\/blog\\\/#\\\/schema\\\/person\\\/368654e092f5785df440fe834ecc3049\",\"name\":\"afrank\",\"image\":{\"@type\":\"ImageObject\",\"inLanguage\":\"de\",\"@id\":\"https:\\\/\\\/www.vom-taubertal.de\\\/blog\\\/wp-content\\\/uploads\\\/2019\\\/03\\\/Andrea_Dividi_02.jpg\",\"url\":\"https:\\\/\\\/www.vom-taubertal.de\\\/blog\\\/wp-content\\\/uploads\\\/2019\\\/03\\\/Andrea_Dividi_02.jpg\",\"contentUrl\":\"https:\\\/\\\/www.vom-taubertal.de\\\/blog\\\/wp-content\\\/uploads\\\/2019\\\/03\\\/Andrea_Dividi_02.jpg\",\"width\":653,\"height\":800,\"caption\":\"afrank\"},\"logo\":{\"@id\":\"https:\\\/\\\/www.vom-taubertal.de\\\/blog\\\/wp-content\\\/uploads\\\/2019\\\/03\\\/Andrea_Dividi_02.jpg\"}}]}<\/script>\n<!-- \/ Yoast SEO plugin. -->","yoast_head_json":{"title":"R\u00fcckblick: Haustiermesse Wien - St. Mark - Taubertalperser","description":"Am Wochenende fand in den alten Hallen von St. Marx die Haustiermesse statt und wir haben uns dort ein wenig umgesehen.","robots":{"index":"index","follow":"follow","max-snippet":"max-snippet:-1","max-image-preview":"max-image-preview:large","max-video-preview":"max-video-preview:-1"},"canonical":"https:\/\/www.vom-taubertal.de\/blog\/rueckblick-haustiermesse-wien-st-marx\/","og_locale":"de_DE","og_type":"article","og_title":"R\u00fcckblick: Haustiermesse Wien - St. Mark - Taubertalperser","og_description":"Am Wochenende fand in den alten Hallen von St. Marx die Haustiermesse statt und wir haben uns dort ein wenig umgesehen.","og_url":"https:\/\/www.vom-taubertal.de\/blog\/rueckblick-haustiermesse-wien-st-marx\/","og_site_name":"Die Taubertalperser","article_published_time":"2021-09-27T17:17:49+00:00","og_image":[{"width":800,"height":533,"url":"https:\/\/www.vom-taubertal.de\/blog\/wp-content\/uploads\/2021\/09\/Titelbild-Haustiermesse.jpg","type":"image\/jpeg"}],"author":"afrank","twitter_misc":{"Verfasst von":"afrank","Gesch\u00e4tzte Lesezeit":"5\u00a0Minuten"},"schema":{"@context":"https:\/\/schema.org","@graph":[{"@type":"Article","@id":"https:\/\/www.vom-taubertal.de\/blog\/rueckblick-haustiermesse-wien-st-marx\/#article","isPartOf":{"@id":"https:\/\/www.vom-taubertal.de\/blog\/rueckblick-haustiermesse-wien-st-marx\/"},"author":{"name":"afrank","@id":"https:\/\/www.vom-taubertal.de\/blog\/#\/schema\/person\/368654e092f5785df440fe834ecc3049"},"headline":"R\u00fcckblick Haustiermesse Wien \u2013 St. Marx","datePublished":"2021-09-27T17:17:49+00:00","mainEntityOfPage":{"@id":"https:\/\/www.vom-taubertal.de\/blog\/rueckblick-haustiermesse-wien-st-marx\/"},"wordCount":922,"commentCount":0,"publisher":{"@id":"https:\/\/www.vom-taubertal.de\/blog\/#\/schema\/person\/368654e092f5785df440fe834ecc3049"},"image":{"@id":"https:\/\/www.vom-taubertal.de\/blog\/rueckblick-haustiermesse-wien-st-marx\/#primaryimage"},"thumbnailUrl":"https:\/\/i0.wp.com\/www.vom-taubertal.de\/blog\/wp-content\/uploads\/2021\/09\/Titelbild-Haustiermesse.jpg?fit=800%2C533&quality=100&ssl=1","keywords":["Dogdiving","Foodtrucks","Haustiermesse","Heimtiermesse","Katzenausstellung","St. Marx","Vortr\u00e4ge","Wien"],"inLanguage":"de","potentialAction":[{"@type":"CommentAction","name":"Comment","target":["https:\/\/www.vom-taubertal.de\/blog\/rueckblick-haustiermesse-wien-st-marx\/#respond"]}]},{"@type":"WebPage","@id":"https:\/\/www.vom-taubertal.de\/blog\/rueckblick-haustiermesse-wien-st-marx\/","url":"https:\/\/www.vom-taubertal.de\/blog\/rueckblick-haustiermesse-wien-st-marx\/","name":"R\u00fcckblick: Haustiermesse Wien - St. Mark - Taubertalperser","isPartOf":{"@id":"https:\/\/www.vom-taubertal.de\/blog\/#website"},"primaryImageOfPage":{"@id":"https:\/\/www.vom-taubertal.de\/blog\/rueckblick-haustiermesse-wien-st-marx\/#primaryimage"},"image":{"@id":"https:\/\/www.vom-taubertal.de\/blog\/rueckblick-haustiermesse-wien-st-marx\/#primaryimage"},"thumbnailUrl":"https:\/\/i0.wp.com\/www.vom-taubertal.de\/blog\/wp-content\/uploads\/2021\/09\/Titelbild-Haustiermesse.jpg?fit=800%2C533&quality=100&ssl=1","datePublished":"2021-09-27T17:17:49+00:00","description":"Am Wochenende fand in den alten Hallen von St. Marx die Haustiermesse statt und wir haben uns dort ein wenig umgesehen.","breadcrumb":{"@id":"https:\/\/www.vom-taubertal.de\/blog\/rueckblick-haustiermesse-wien-st-marx\/#breadcrumb"},"inLanguage":"de","potentialAction":[{"@type":"ReadAction","target":["https:\/\/www.vom-taubertal.de\/blog\/rueckblick-haustiermesse-wien-st-marx\/"]}]},{"@type":"ImageObject","inLanguage":"de","@id":"https:\/\/www.vom-taubertal.de\/blog\/rueckblick-haustiermesse-wien-st-marx\/#primaryimage","url":"https:\/\/i0.wp.com\/www.vom-taubertal.de\/blog\/wp-content\/uploads\/2021\/09\/Titelbild-Haustiermesse.jpg?fit=800%2C533&quality=100&ssl=1","contentUrl":"https:\/\/i0.wp.com\/www.vom-taubertal.de\/blog\/wp-content\/uploads\/2021\/09\/Titelbild-Haustiermesse.jpg?fit=800%2C533&quality=100&ssl=1","width":800,"height":533,"caption":"Haustiermesse Marx Halle"},{"@type":"BreadcrumbList","@id":"https:\/\/www.vom-taubertal.de\/blog\/rueckblick-haustiermesse-wien-st-marx\/#breadcrumb","itemListElement":[{"@type":"ListItem","position":1,"name":"Home","item":"https:\/\/www.vom-taubertal.de\/blog\/"},{"@type":"ListItem","position":2,"name":"R\u00fcckblick Haustiermesse Wien \u2013 St. Marx"}]},{"@type":"WebSite","@id":"https:\/\/www.vom-taubertal.de\/blog\/#website","url":"https:\/\/www.vom-taubertal.de\/blog\/","name":"Die Taubertalperser","description":"Alles \u00fcber und f\u00fcr Katzen ","publisher":{"@id":"https:\/\/www.vom-taubertal.de\/blog\/#\/schema\/person\/368654e092f5785df440fe834ecc3049"},"potentialAction":[{"@type":"SearchAction","target":{"@type":"EntryPoint","urlTemplate":"https:\/\/www.vom-taubertal.de\/blog\/?s={search_term_string}"},"query-input":{"@type":"PropertyValueSpecification","valueRequired":true,"valueName":"search_term_string"}}],"inLanguage":"de"},{"@type":["Person","Organization"],"@id":"https:\/\/www.vom-taubertal.de\/blog\/#\/schema\/person\/368654e092f5785df440fe834ecc3049","name":"afrank","image":{"@type":"ImageObject","inLanguage":"de","@id":"https:\/\/www.vom-taubertal.de\/blog\/wp-content\/uploads\/2019\/03\/Andrea_Dividi_02.jpg","url":"https:\/\/www.vom-taubertal.de\/blog\/wp-content\/uploads\/2019\/03\/Andrea_Dividi_02.jpg","contentUrl":"https:\/\/www.vom-taubertal.de\/blog\/wp-content\/uploads\/2019\/03\/Andrea_Dividi_02.jpg","width":653,"height":800,"caption":"afrank"},"logo":{"@id":"https:\/\/www.vom-taubertal.de\/blog\/wp-content\/uploads\/2019\/03\/Andrea_Dividi_02.jpg"}}]}},"jetpack_publicize_connections":[],"jetpack_featured_media_url":"https:\/\/i0.wp.com\/www.vom-taubertal.de\/blog\/wp-content\/uploads\/2021\/09\/Titelbild-Haustiermesse.jpg?fit=800%2C533&quality=100&ssl=1","jetpack_sharing_enabled":true,"_links":{"self":[{"href":"https:\/\/www.vom-taubertal.de\/blog\/wp-json\/wp\/v2\/posts\/32069","targetHints":{"allow":["GET"]}}],"collection":[{"href":"https:\/\/www.vom-taubertal.de\/blog\/wp-json\/wp\/v2\/posts"}],"about":[{"href":"https:\/\/www.vom-taubertal.de\/blog\/wp-json\/wp\/v2\/types\/post"}],"author":[{"embeddable":true,"href":"https:\/\/www.vom-taubertal.de\/blog\/wp-json\/wp\/v2\/users\/1"}],"replies":[{"embeddable":true,"href":"https:\/\/www.vom-taubertal.de\/blog\/wp-json\/wp\/v2\/comments?post=32069"}],"version-history":[{"count":9,"href":"https:\/\/www.vom-taubertal.de\/blog\/wp-json\/wp\/v2\/posts\/32069\/revisions"}],"predecessor-version":[{"id":32106,"href":"https:\/\/www.vom-taubertal.de\/blog\/wp-json\/wp\/v2\/posts\/32069\/revisions\/32106"}],"wp:featuredmedia":[{"embeddable":true,"href":"https:\/\/www.vom-taubertal.de\/blog\/wp-json\/wp\/v2\/media\/32071"}],"wp:attachment":[{"href":"https:\/\/www.vom-taubertal.de\/blog\/wp-json\/wp\/v2\/media?parent=32069"}],"wp:term":[{"taxonomy":"category","embeddable":true,"href":"https:\/\/www.vom-taubertal.de\/blog\/wp-json\/wp\/v2\/categories?post=32069"},{"taxonomy":"post_tag","embeddable":true,"href":"https:\/\/www.vom-taubertal.de\/blog\/wp-json\/wp\/v2\/tags?post=32069"}],"curies":[{"name":"wp","href":"https:\/\/api.w.org\/{rel}","templated":true}]}}