{"id":35006,"date":"2023-11-27T17:00:52","date_gmt":"2023-11-27T15:00:52","guid":{"rendered":"https:\/\/www.vom-taubertal.de\/blog\/?p=35006"},"modified":"2024-04-03T09:52:11","modified_gmt":"2024-04-03T07:52:11","slug":"animal-2023-die-taubertalperser-waren-unterwegs","status":"publish","type":"post","link":"https:\/\/www.vom-taubertal.de\/blog\/animal-2023-die-taubertalperser-waren-unterwegs\/","title":{"rendered":"Animal 2023 \u2013 die Taubertalperser waren unterwegs &#8230;"},"content":{"rendered":"<p>Vergangenes Wochenende fand der Stuttgarter Messeherbst statt. Eine der Messen, die parallel mit vielen anderen Messen lief war die Animal und dass ich diese besuchen werde als ergebene Katzensklavin und Katzenbloggerin \u2013 versteht sich ja von selbst.<\/p>\n<p><!--more--><\/p>\n<p>Die letzten Jahre wollte ich zugegebenerma\u00dfen nicht so gerne dar\u00fcber berichten, da ich doch einige Male schwer entt\u00e4uscht wurde.<\/p>\n<p>Aber dieses Mal war dies definitiv nicht der Fall.<\/p>\n<h3><a href=\"https:\/\/i0.wp.com\/www.vom-taubertal.de\/blog\/wp-content\/uploads\/2023\/11\/12.jpg?quality=100&#038;ssl=1\"><img data-recalc-dims=\"1\" loading=\"lazy\" decoding=\"async\" class=\"aligncenter size-full wp-image-35009\" src=\"https:\/\/i0.wp.com\/www.vom-taubertal.de\/blog\/wp-content\/uploads\/2023\/11\/12.jpg?resize=800%2C533&#038;quality=100&#038;ssl=1\" alt=\"Animal 2023, Stuttgart, Messeherbst, Selectcats, Taubertalperser\" width=\"800\" height=\"533\" srcset=\"https:\/\/i0.wp.com\/www.vom-taubertal.de\/blog\/wp-content\/uploads\/2023\/11\/12.jpg?w=800&amp;quality=100&amp;ssl=1 800w, https:\/\/i0.wp.com\/www.vom-taubertal.de\/blog\/wp-content\/uploads\/2023\/11\/12.jpg?resize=300%2C200&amp;quality=100&amp;ssl=1 300w, https:\/\/i0.wp.com\/www.vom-taubertal.de\/blog\/wp-content\/uploads\/2023\/11\/12.jpg?resize=768%2C512&amp;quality=100&amp;ssl=1 768w\" sizes=\"auto, (max-width: 800px) 100vw, 800px\" \/><\/a>\u201eEs sind so wenige Aussteller f\u00fcr Katzen\u201c<\/h3>\n<p>War eine der Aussagen, die ich h\u00f6rte als bekannt wurde, dass ich zur Animal nach Stuttgart fahre. Nun das wollte ich dann doch n\u00e4her wissen und hab mich da sehr, sehr aufmerksam umgesehen<\/p>\n<p>Die nachfolgende Aufstellung stellt keinen Anspruch auf Vollst\u00e4ndigkeit dar \u2013 es k\u00f6nnte sein, dass ich da doch den einen oder anderen vergessen habe, weil es einfach echt viele waren<\/p>\n<p>Fangen wir doch mal mit den Futterherstellern an &#x1f60a;<\/p>\n<p>Leonardo<br \/>\nPaulas Beute<br \/>\nPets Nature (Catz finefood &amp; Lucky Lou)<br \/>\nHappy Cat<br \/>\nReico<br \/>\nXantara<br \/>\nPokussa<br \/>\nJosera<br \/>\nDr. Clauders<br \/>\nVet-Concept<\/p>\n<p><a href=\"https:\/\/i0.wp.com\/www.vom-taubertal.de\/blog\/wp-content\/uploads\/2023\/11\/04.jpg?quality=100&#038;ssl=1\"><img data-recalc-dims=\"1\" loading=\"lazy\" decoding=\"async\" class=\"aligncenter size-full wp-image-35010\" src=\"https:\/\/i0.wp.com\/www.vom-taubertal.de\/blog\/wp-content\/uploads\/2023\/11\/04.jpg?resize=800%2C533&#038;quality=100&#038;ssl=1\" alt=\"Paulas Beute, Taubertalperser, Animal 2023\" width=\"800\" height=\"533\" srcset=\"https:\/\/i0.wp.com\/www.vom-taubertal.de\/blog\/wp-content\/uploads\/2023\/11\/04.jpg?w=800&amp;quality=100&amp;ssl=1 800w, https:\/\/i0.wp.com\/www.vom-taubertal.de\/blog\/wp-content\/uploads\/2023\/11\/04.jpg?resize=300%2C200&amp;quality=100&amp;ssl=1 300w, https:\/\/i0.wp.com\/www.vom-taubertal.de\/blog\/wp-content\/uploads\/2023\/11\/04.jpg?resize=768%2C512&amp;quality=100&amp;ssl=1 768w\" sizes=\"auto, (max-width: 800px) 100vw, 800px\" \/><\/a>Dann hatten wir noch die Hersteller mit Zubeh\u00f6r und vieles mehr wie<\/p>\n<p>CatAmore<br \/>\nKatze+Hund und du<br \/>\nKivikis<br \/>\nSelectcats<br \/>\nJR Farm<br \/>\nKatzenRobo<br \/>\nKatze2000<br \/>\nKirstins Katzen-Shop<\/p>\n<p><a href=\"https:\/\/i0.wp.com\/www.vom-taubertal.de\/blog\/wp-content\/uploads\/2023\/11\/06.jpg?quality=100&#038;ssl=1\"><img data-recalc-dims=\"1\" loading=\"lazy\" decoding=\"async\" class=\"aligncenter size-full wp-image-35011\" src=\"https:\/\/i0.wp.com\/www.vom-taubertal.de\/blog\/wp-content\/uploads\/2023\/11\/06.jpg?resize=800%2C533&#038;quality=100&#038;ssl=1\" alt=\"Donatbett, Animal 2023, Taubertalperser\" width=\"800\" height=\"533\" srcset=\"https:\/\/i0.wp.com\/www.vom-taubertal.de\/blog\/wp-content\/uploads\/2023\/11\/06.jpg?w=800&amp;quality=100&amp;ssl=1 800w, https:\/\/i0.wp.com\/www.vom-taubertal.de\/blog\/wp-content\/uploads\/2023\/11\/06.jpg?resize=300%2C200&amp;quality=100&amp;ssl=1 300w, https:\/\/i0.wp.com\/www.vom-taubertal.de\/blog\/wp-content\/uploads\/2023\/11\/06.jpg?resize=768%2C512&amp;quality=100&amp;ssl=1 768w\" sizes=\"auto, (max-width: 800px) 100vw, 800px\" \/><\/a><\/p>\n<p>und viele mehr &#8230;. wir haben so ganz locker aus dem Handgelenk und Ged\u00e4chtnis mal 18 Aussteller mit Produkten f\u00fcr Katzen und der eine oder andere Anbieter hat tats\u00e4chlich ein sehr breites Spektrum an Zubeh\u00f6r \u2013 angefangen von Katzenstreu und Toiletten bis hin zu Kratzb\u00e4umen und Tonnen.<\/p>\n<p>Ich empfinde dies als nicht wirklich wenig, ganz im Gegenteil \u2013 ich finde es eine ausgesprochen tolle Auswahl.<\/p>\n<p>Ja, man musste ein wenig gucken und nicht alle Aussteller fand man in der Halle, in der auch die Katzenausstellung stattfand, aber das ist auch teilweise logisch. Viele der Hersteller haben auch ein gro\u00dfes Sortiment f\u00fcr Hunde und zwei Messest\u00e4nde mit entsprechenden Personal \u2013 das ist sehr kostenintensiv und da muss schon der Umsatz entsprechend sein damit sich dies f\u00fcr den Aussteller lohnt.<\/p>\n<p>Vielleicht sollte man einfach ein wenig auch in anderen Hallen \u201est\u00f6bern\u201c gehen.<\/p>\n<h3><a href=\"https:\/\/i0.wp.com\/www.vom-taubertal.de\/blog\/wp-content\/uploads\/2023\/11\/08.jpg?quality=100&#038;ssl=1\"><img data-recalc-dims=\"1\" loading=\"lazy\" decoding=\"async\" class=\"aligncenter size-full wp-image-35012\" src=\"https:\/\/i0.wp.com\/www.vom-taubertal.de\/blog\/wp-content\/uploads\/2023\/11\/08.jpg?resize=800%2C533&#038;quality=100&#038;ssl=1\" alt=\"Kivikis, Animal 2023, Stuttgart\" width=\"800\" height=\"533\" srcset=\"https:\/\/i0.wp.com\/www.vom-taubertal.de\/blog\/wp-content\/uploads\/2023\/11\/08.jpg?w=800&amp;quality=100&amp;ssl=1 800w, https:\/\/i0.wp.com\/www.vom-taubertal.de\/blog\/wp-content\/uploads\/2023\/11\/08.jpg?resize=300%2C200&amp;quality=100&amp;ssl=1 300w, https:\/\/i0.wp.com\/www.vom-taubertal.de\/blog\/wp-content\/uploads\/2023\/11\/08.jpg?resize=768%2C512&amp;quality=100&amp;ssl=1 768w\" sizes=\"auto, (max-width: 800px) 100vw, 800px\" \/><\/a>Die Katzenausstellung<\/h3>\n<p>Ja klar, wir haben uns auch bei der Katzenausstellung umgesehen und wir haben zu unserer Freude die Z\u00fcchterin der Lykoiwiedergetroffen, die dieses Mal einen Wurf mit Tabbys mithatte.<\/p>\n<p><a href=\"https:\/\/i0.wp.com\/www.vom-taubertal.de\/blog\/wp-content\/uploads\/2023\/11\/14.jpg?quality=100&#038;ssl=1\"><img data-recalc-dims=\"1\" loading=\"lazy\" decoding=\"async\" class=\"aligncenter size-full wp-image-35013\" src=\"https:\/\/i0.wp.com\/www.vom-taubertal.de\/blog\/wp-content\/uploads\/2023\/11\/14.jpg?resize=800%2C533&#038;quality=100&#038;ssl=1\" alt=\"Lykoi, Katze, Animal 2023, Stuttgart\" width=\"800\" height=\"533\" srcset=\"https:\/\/i0.wp.com\/www.vom-taubertal.de\/blog\/wp-content\/uploads\/2023\/11\/14.jpg?w=800&amp;quality=100&amp;ssl=1 800w, https:\/\/i0.wp.com\/www.vom-taubertal.de\/blog\/wp-content\/uploads\/2023\/11\/14.jpg?resize=300%2C200&amp;quality=100&amp;ssl=1 300w, https:\/\/i0.wp.com\/www.vom-taubertal.de\/blog\/wp-content\/uploads\/2023\/11\/14.jpg?resize=768%2C512&amp;quality=100&amp;ssl=1 768w\" sizes=\"auto, (max-width: 800px) 100vw, 800px\" \/><\/a><\/p>\n<p>Diese Katzenausstellung hat uns aber grunds\u00e4tzlich viele Katzenrassen pr\u00e4sentiert, die man so nicht unbedingt auf dem Schirm hatte wie Cornish Rex oder auch Kurrilian Bobtail Langhaar.<\/p>\n<p>Manche Z\u00fcchter hatten mehrere Ausstellungsk\u00e4fige in einer Reihe zu einem riesengro\u00dfen verbunden und da hatten die Katzen richtig sch\u00f6ne Bewegungsfreiheit, manche hatte selbstgebaute \u201eVolieren\u201c mit.<\/p>\n<p><a href=\"https:\/\/i0.wp.com\/www.vom-taubertal.de\/blog\/wp-content\/uploads\/2023\/11\/10.jpg?quality=100&#038;ssl=1\"><img data-recalc-dims=\"1\" loading=\"lazy\" decoding=\"async\" class=\"aligncenter size-full wp-image-35014\" src=\"https:\/\/i0.wp.com\/www.vom-taubertal.de\/blog\/wp-content\/uploads\/2023\/11\/10.jpg?resize=800%2C533&#038;quality=100&#038;ssl=1\" alt=\"Animal 2023, Katzenausstellung, Taubertalperser\" width=\"800\" height=\"533\" srcset=\"https:\/\/i0.wp.com\/www.vom-taubertal.de\/blog\/wp-content\/uploads\/2023\/11\/10.jpg?w=800&amp;quality=100&amp;ssl=1 800w, https:\/\/i0.wp.com\/www.vom-taubertal.de\/blog\/wp-content\/uploads\/2023\/11\/10.jpg?resize=300%2C200&amp;quality=100&amp;ssl=1 300w, https:\/\/i0.wp.com\/www.vom-taubertal.de\/blog\/wp-content\/uploads\/2023\/11\/10.jpg?resize=768%2C512&amp;quality=100&amp;ssl=1 768w\" sizes=\"auto, (max-width: 800px) 100vw, 800px\" \/><\/a>Aber es gab nat\u00fcrlich auch das krasse Gegenteil, wo ich mir dachte \u201eLeute ein wenig mehr k\u00f6nntet ihr schon zeigen, dass ihr eure Tiere m\u00f6gt\u201c aber gut. Nicht ein jeder bet\u00fcdelt seine Tiere so wie wir und kann ich mir zwar w\u00fcnschen aber nicht vorschreiben.<\/p>\n<h3><span class=\"ez-toc-section\" id=\"Fazit_zur_Animal_2023\"><\/span>Fazit zur Animal 2023<span class=\"ez-toc-section-end\"><\/span><\/h3>\n<p>Ja es k\u00f6nnte immer mehr sein ohne Frage und ich habe den einen oder anderen Aussteller vermisst wie z.B. Schulze Heimtierbedarf fehlte dieses Mal g\u00e4nzlich genauso wie Animonda waren dieses Jahr nicht bei der Animal vertreten, aber es fanden zeitgleich weiter n\u00f6rdlich auch noch Ausstellungen statt so das die Vermutung nahe liegt das man diese Ausstellungen besucht hat.<br \/>\nAuch ist dies ein personelles Thema. Da haben einige Firmen massiv daran zu knabbern.<\/p>\n<p>Aber im Gro\u00dfen und Ganzen waren wir sehr zufrieden und freuen uns schon jetzt auf die Animal 2024.<\/p>\n<p><strong>In diesem Sinne &#8211; man sieht sich bei der Animal 2024!<\/strong><\/p>\n<p><a href=\"https:\/\/i0.wp.com\/www.vom-taubertal.de\/blog\/wp-content\/uploads\/2021\/01\/Unterschrift_350.jpg?quality=100&#038;ssl=1\"><img data-recalc-dims=\"1\" loading=\"lazy\" decoding=\"async\" class=\"alignleft size-full wp-image-31092\" src=\"https:\/\/i0.wp.com\/www.vom-taubertal.de\/blog\/wp-content\/uploads\/2021\/01\/Unterschrift_350.jpg?resize=350%2C89&#038;quality=100&#038;ssl=1\" alt=\"\" width=\"350\" height=\"89\" srcset=\"https:\/\/i0.wp.com\/www.vom-taubertal.de\/blog\/wp-content\/uploads\/2021\/01\/Unterschrift_350.jpg?w=350&amp;quality=100&amp;ssl=1 350w, https:\/\/i0.wp.com\/www.vom-taubertal.de\/blog\/wp-content\/uploads\/2021\/01\/Unterschrift_350.jpg?resize=300%2C76&amp;quality=100&amp;ssl=1 300w\" sizes=\"auto, (max-width: 350px) 100vw, 350px\" \/><\/a><\/p>\n<p>&nbsp;<\/p>\n<p>&nbsp;<\/p>\n<hr>\n<p>Hat dir dieser Beitrag gefallen und du m\u00f6chtest auch in der Zukunft keine tollen Tipps zur Katzenhaltung oder interessante Produktempfehlungen verpassen?<br \/>\nAbonniere einfach unseren Blog und erhalte die neuesten Beitr\u00e4ge einfach direkt in den Mailfach.<\/p>\n<p>Gerne darfst du auch unsere Beitr\u00e4ge mit anderen Katzenliebhabern teilen.<\/p>\n<p><script async=\"\" src=\"https:\/\/pagead2.googlesyndication.com\/pagead\/js\/adsbygoogle.js?client=ca-pub-3363977028533397\" crossorigin=\"anonymous\"><\/script><br \/>\n<ins class=\"adsbygoogle\" style=\"display: block;\" data-ad-format=\"autorelaxed\" data-ad-client=\"ca-pub-3363977028533397\" data-ad-slot=\"1497449773\"><\/ins><br \/>\n<script>\n     (adsbygoogle = window.adsbygoogle || []).push({});\n<\/script><\/p>\n<p><!-- START ADVERTISER: Pets Deli DE\/AT from awin.com --><\/p>\n<p style=\"text-align: center;\"><a href=\"https:\/\/www.awin1.com\/cread.php?s=3039949&amp;v=22950&amp;q=415746&amp;r=557159\" rel=\"sponsored\"><br \/>\n<img decoding=\"async\" src=\"https:\/\/www.awin1.com\/cshow.php?s=3039949&amp;v=22950&amp;q=415746&amp;r=557159\" border=\"0\"><br \/>\n<\/a><\/p>\n","protected":false},"excerpt":{"rendered":"<p>Vergangenes Wochenende fand der Stuttgarter Messeherbst statt. Eine der Messen, die parallel mit vielen anderen Messen lief war die Animal<\/p>\n","protected":false},"author":1,"featured_media":36465,"comment_status":"open","ping_status":"open","sticky":false,"template":"","format":"standard","meta":{"colormag_page_container_layout":"default_layout","colormag_page_sidebar_layout":"default_layout","sfsi_plus_gutenberg_text_before_share":"","sfsi_plus_gutenberg_show_text_before_share":"","sfsi_plus_gutenberg_icon_type":"","sfsi_plus_gutenberg_icon_alignemt":"","sfsi_plus_gutenburg_max_per_row":"","ngg_post_thumbnail":0,"_jetpack_memberships_contains_paid_content":false,"footnotes":"","jetpack_publicize_message":"","jetpack_publicize_feature_enabled":true,"jetpack_social_post_already_shared":true,"jetpack_social_options":{"image_generator_settings":{"template":"highway","default_image_id":0,"font":"","enabled":false},"version":2},"_wpas_customize_per_network":false},"categories":[1,1082,6],"tags":[1049,2930,827,2213,54,828,8,204,829,1886],"class_list":["post-35006","post","type-post","status-publish","format-standard","has-post-thumbnail","hentry","category-allgemein-katzen-perserkatzen-taubertalperser","category-heimtiermesse","category-katzenausstellungen-perserkatzen-taubertalperser","tag-animal","tag-animal-2023","tag-katzenausstellungen-perserkatzen-taubertalperser","tag-katzeninformationsseite","tag-niederstetten","tag-produktvorstellung-taubertalperser-perserkatzen","tag-rund-um-die-katz","tag-stuttgart","tag-taubertalperser","tag-unabhaengiger-katzenblog"],"yoast_head":"<!-- This site is optimized with the Yoast SEO plugin v27.5 - https:\/\/yoast.com\/product\/yoast-seo-wordpress\/ -->\n<title>Die Taubertalperser unterwegs bei der Animal 2023<\/title>\n<meta name=\"description\" content=\"Wir waren anl\u00e4sslich des Messeherbst Stuttgart bei der Animal 2023 unterwegs und haben uns umgesehen\" \/>\n<meta name=\"robots\" content=\"index, follow, max-snippet:-1, max-image-preview:large, max-video-preview:-1\" \/>\n<link rel=\"canonical\" href=\"https:\/\/www.vom-taubertal.de\/blog\/animal-2023-die-taubertalperser-waren-unterwegs\/\" \/>\n<meta property=\"og:locale\" content=\"de_DE\" \/>\n<meta property=\"og:type\" content=\"article\" \/>\n<meta property=\"og:title\" content=\"Die Taubertalperser unterwegs bei der Animal 2023\" \/>\n<meta property=\"og:description\" content=\"Wir waren anl\u00e4sslich des Messeherbst Stuttgart bei der Animal 2023 unterwegs und haben uns umgesehen\" \/>\n<meta property=\"og:url\" content=\"https:\/\/www.vom-taubertal.de\/blog\/animal-2023-die-taubertalperser-waren-unterwegs\/\" \/>\n<meta property=\"og:site_name\" content=\"Die Taubertalperser\" \/>\n<meta property=\"article:published_time\" content=\"2023-11-27T15:00:52+00:00\" \/>\n<meta property=\"article:modified_time\" content=\"2024-04-03T07:52:11+00:00\" \/>\n<meta property=\"og:image\" content=\"https:\/\/www.vom-taubertal.de\/blog\/wp-content\/uploads\/2023\/11\/Animal-Titelbild-1.jpg\" \/>\n\t<meta property=\"og:image:width\" content=\"800\" \/>\n\t<meta property=\"og:image:height\" content=\"300\" \/>\n\t<meta property=\"og:image:type\" content=\"image\/jpeg\" \/>\n<meta name=\"author\" content=\"afrank\" \/>\n<meta name=\"twitter:label1\" content=\"Verfasst von\" \/>\n\t<meta name=\"twitter:data1\" content=\"afrank\" \/>\n\t<meta name=\"twitter:label2\" content=\"Gesch\u00e4tzte Lesezeit\" \/>\n\t<meta name=\"twitter:data2\" content=\"6\u00a0Minuten\" \/>\n<script type=\"application\/ld+json\" class=\"yoast-schema-graph\">{\"@context\":\"https:\\\/\\\/schema.org\",\"@graph\":[{\"@type\":\"Article\",\"@id\":\"https:\\\/\\\/www.vom-taubertal.de\\\/blog\\\/animal-2023-die-taubertalperser-waren-unterwegs\\\/#article\",\"isPartOf\":{\"@id\":\"https:\\\/\\\/www.vom-taubertal.de\\\/blog\\\/animal-2023-die-taubertalperser-waren-unterwegs\\\/\"},\"author\":{\"name\":\"afrank\",\"@id\":\"https:\\\/\\\/www.vom-taubertal.de\\\/blog\\\/#\\\/schema\\\/person\\\/368654e092f5785df440fe834ecc3049\"},\"headline\":\"Animal 2023 \u2013 die Taubertalperser waren unterwegs &#8230;\",\"datePublished\":\"2023-11-27T15:00:52+00:00\",\"dateModified\":\"2024-04-03T07:52:11+00:00\",\"mainEntityOfPage\":{\"@id\":\"https:\\\/\\\/www.vom-taubertal.de\\\/blog\\\/animal-2023-die-taubertalperser-waren-unterwegs\\\/\"},\"wordCount\":641,\"commentCount\":0,\"publisher\":{\"@id\":\"https:\\\/\\\/www.vom-taubertal.de\\\/blog\\\/#\\\/schema\\\/person\\\/368654e092f5785df440fe834ecc3049\"},\"image\":{\"@id\":\"https:\\\/\\\/www.vom-taubertal.de\\\/blog\\\/animal-2023-die-taubertalperser-waren-unterwegs\\\/#primaryimage\"},\"thumbnailUrl\":\"https:\\\/\\\/i0.wp.com\\\/www.vom-taubertal.de\\\/blog\\\/wp-content\\\/uploads\\\/2023\\\/11\\\/Animal-Titelbild-1.jpg?fit=800%2C300&quality=100&ssl=1\",\"keywords\":[\"Animal\",\"Animal 2023\",\"Katzenausstellung\",\"Katzeninformationsseite\",\"Niederstetten\",\"Produktvorstellung\",\"Rund um die Katz'\",\"Stuttgart\",\"Taubertalperser\",\"unabh\u00e4ngiger Katzenblog\"],\"articleSection\":{\"1\":\"Heimtiermesse\",\"2\":\"Katzenausstellung\"},\"inLanguage\":\"de\",\"potentialAction\":[{\"@type\":\"CommentAction\",\"name\":\"Comment\",\"target\":[\"https:\\\/\\\/www.vom-taubertal.de\\\/blog\\\/animal-2023-die-taubertalperser-waren-unterwegs\\\/#respond\"]}]},{\"@type\":\"WebPage\",\"@id\":\"https:\\\/\\\/www.vom-taubertal.de\\\/blog\\\/animal-2023-die-taubertalperser-waren-unterwegs\\\/\",\"url\":\"https:\\\/\\\/www.vom-taubertal.de\\\/blog\\\/animal-2023-die-taubertalperser-waren-unterwegs\\\/\",\"name\":\"Die Taubertalperser unterwegs bei der Animal 2023\",\"isPartOf\":{\"@id\":\"https:\\\/\\\/www.vom-taubertal.de\\\/blog\\\/#website\"},\"primaryImageOfPage\":{\"@id\":\"https:\\\/\\\/www.vom-taubertal.de\\\/blog\\\/animal-2023-die-taubertalperser-waren-unterwegs\\\/#primaryimage\"},\"image\":{\"@id\":\"https:\\\/\\\/www.vom-taubertal.de\\\/blog\\\/animal-2023-die-taubertalperser-waren-unterwegs\\\/#primaryimage\"},\"thumbnailUrl\":\"https:\\\/\\\/i0.wp.com\\\/www.vom-taubertal.de\\\/blog\\\/wp-content\\\/uploads\\\/2023\\\/11\\\/Animal-Titelbild-1.jpg?fit=800%2C300&quality=100&ssl=1\",\"datePublished\":\"2023-11-27T15:00:52+00:00\",\"dateModified\":\"2024-04-03T07:52:11+00:00\",\"description\":\"Wir waren anl\u00e4sslich des Messeherbst Stuttgart bei der Animal 2023 unterwegs und haben uns umgesehen\",\"breadcrumb\":{\"@id\":\"https:\\\/\\\/www.vom-taubertal.de\\\/blog\\\/animal-2023-die-taubertalperser-waren-unterwegs\\\/#breadcrumb\"},\"inLanguage\":\"de\",\"potentialAction\":[{\"@type\":\"ReadAction\",\"target\":[\"https:\\\/\\\/www.vom-taubertal.de\\\/blog\\\/animal-2023-die-taubertalperser-waren-unterwegs\\\/\"]}]},{\"@type\":\"ImageObject\",\"inLanguage\":\"de\",\"@id\":\"https:\\\/\\\/www.vom-taubertal.de\\\/blog\\\/animal-2023-die-taubertalperser-waren-unterwegs\\\/#primaryimage\",\"url\":\"https:\\\/\\\/i0.wp.com\\\/www.vom-taubertal.de\\\/blog\\\/wp-content\\\/uploads\\\/2023\\\/11\\\/Animal-Titelbild-1.jpg?fit=800%2C300&quality=100&ssl=1\",\"contentUrl\":\"https:\\\/\\\/i0.wp.com\\\/www.vom-taubertal.de\\\/blog\\\/wp-content\\\/uploads\\\/2023\\\/11\\\/Animal-Titelbild-1.jpg?fit=800%2C300&quality=100&ssl=1\",\"width\":800,\"height\":300},{\"@type\":\"BreadcrumbList\",\"@id\":\"https:\\\/\\\/www.vom-taubertal.de\\\/blog\\\/animal-2023-die-taubertalperser-waren-unterwegs\\\/#breadcrumb\",\"itemListElement\":[{\"@type\":\"ListItem\",\"position\":1,\"name\":\"Home\",\"item\":\"https:\\\/\\\/www.vom-taubertal.de\\\/blog\\\/\"},{\"@type\":\"ListItem\",\"position\":2,\"name\":\"Animal 2023 \u2013 die Taubertalperser waren unterwegs &#8230;\"}]},{\"@type\":\"WebSite\",\"@id\":\"https:\\\/\\\/www.vom-taubertal.de\\\/blog\\\/#website\",\"url\":\"https:\\\/\\\/www.vom-taubertal.de\\\/blog\\\/\",\"name\":\"Die Taubertalperser\",\"description\":\"Alles \u00fcber und f\u00fcr Katzen \",\"publisher\":{\"@id\":\"https:\\\/\\\/www.vom-taubertal.de\\\/blog\\\/#\\\/schema\\\/person\\\/368654e092f5785df440fe834ecc3049\"},\"potentialAction\":[{\"@type\":\"SearchAction\",\"target\":{\"@type\":\"EntryPoint\",\"urlTemplate\":\"https:\\\/\\\/www.vom-taubertal.de\\\/blog\\\/?s={search_term_string}\"},\"query-input\":{\"@type\":\"PropertyValueSpecification\",\"valueRequired\":true,\"valueName\":\"search_term_string\"}}],\"inLanguage\":\"de\"},{\"@type\":[\"Person\",\"Organization\"],\"@id\":\"https:\\\/\\\/www.vom-taubertal.de\\\/blog\\\/#\\\/schema\\\/person\\\/368654e092f5785df440fe834ecc3049\",\"name\":\"afrank\",\"image\":{\"@type\":\"ImageObject\",\"inLanguage\":\"de\",\"@id\":\"https:\\\/\\\/www.vom-taubertal.de\\\/blog\\\/wp-content\\\/uploads\\\/2019\\\/03\\\/Andrea_Dividi_02.jpg\",\"url\":\"https:\\\/\\\/www.vom-taubertal.de\\\/blog\\\/wp-content\\\/uploads\\\/2019\\\/03\\\/Andrea_Dividi_02.jpg\",\"contentUrl\":\"https:\\\/\\\/www.vom-taubertal.de\\\/blog\\\/wp-content\\\/uploads\\\/2019\\\/03\\\/Andrea_Dividi_02.jpg\",\"width\":653,\"height\":800,\"caption\":\"afrank\"},\"logo\":{\"@id\":\"https:\\\/\\\/www.vom-taubertal.de\\\/blog\\\/wp-content\\\/uploads\\\/2019\\\/03\\\/Andrea_Dividi_02.jpg\"}}]}<\/script>\n<!-- \/ Yoast SEO plugin. -->","yoast_head_json":{"title":"Die Taubertalperser unterwegs bei der Animal 2023","description":"Wir waren anl\u00e4sslich des Messeherbst Stuttgart bei der Animal 2023 unterwegs und haben uns umgesehen","robots":{"index":"index","follow":"follow","max-snippet":"max-snippet:-1","max-image-preview":"max-image-preview:large","max-video-preview":"max-video-preview:-1"},"canonical":"https:\/\/www.vom-taubertal.de\/blog\/animal-2023-die-taubertalperser-waren-unterwegs\/","og_locale":"de_DE","og_type":"article","og_title":"Die Taubertalperser unterwegs bei der Animal 2023","og_description":"Wir waren anl\u00e4sslich des Messeherbst Stuttgart bei der Animal 2023 unterwegs und haben uns umgesehen","og_url":"https:\/\/www.vom-taubertal.de\/blog\/animal-2023-die-taubertalperser-waren-unterwegs\/","og_site_name":"Die Taubertalperser","article_published_time":"2023-11-27T15:00:52+00:00","article_modified_time":"2024-04-03T07:52:11+00:00","og_image":[{"width":800,"height":300,"url":"https:\/\/www.vom-taubertal.de\/blog\/wp-content\/uploads\/2023\/11\/Animal-Titelbild-1.jpg","type":"image\/jpeg"}],"author":"afrank","twitter_misc":{"Verfasst von":"afrank","Gesch\u00e4tzte Lesezeit":"6\u00a0Minuten"},"schema":{"@context":"https:\/\/schema.org","@graph":[{"@type":"Article","@id":"https:\/\/www.vom-taubertal.de\/blog\/animal-2023-die-taubertalperser-waren-unterwegs\/#article","isPartOf":{"@id":"https:\/\/www.vom-taubertal.de\/blog\/animal-2023-die-taubertalperser-waren-unterwegs\/"},"author":{"name":"afrank","@id":"https:\/\/www.vom-taubertal.de\/blog\/#\/schema\/person\/368654e092f5785df440fe834ecc3049"},"headline":"Animal 2023 \u2013 die Taubertalperser waren unterwegs &#8230;","datePublished":"2023-11-27T15:00:52+00:00","dateModified":"2024-04-03T07:52:11+00:00","mainEntityOfPage":{"@id":"https:\/\/www.vom-taubertal.de\/blog\/animal-2023-die-taubertalperser-waren-unterwegs\/"},"wordCount":641,"commentCount":0,"publisher":{"@id":"https:\/\/www.vom-taubertal.de\/blog\/#\/schema\/person\/368654e092f5785df440fe834ecc3049"},"image":{"@id":"https:\/\/www.vom-taubertal.de\/blog\/animal-2023-die-taubertalperser-waren-unterwegs\/#primaryimage"},"thumbnailUrl":"https:\/\/i0.wp.com\/www.vom-taubertal.de\/blog\/wp-content\/uploads\/2023\/11\/Animal-Titelbild-1.jpg?fit=800%2C300&quality=100&ssl=1","keywords":["Animal","Animal 2023","Katzenausstellung","Katzeninformationsseite","Niederstetten","Produktvorstellung","Rund um die Katz'","Stuttgart","Taubertalperser","unabh\u00e4ngiger Katzenblog"],"articleSection":{"1":"Heimtiermesse","2":"Katzenausstellung"},"inLanguage":"de","potentialAction":[{"@type":"CommentAction","name":"Comment","target":["https:\/\/www.vom-taubertal.de\/blog\/animal-2023-die-taubertalperser-waren-unterwegs\/#respond"]}]},{"@type":"WebPage","@id":"https:\/\/www.vom-taubertal.de\/blog\/animal-2023-die-taubertalperser-waren-unterwegs\/","url":"https:\/\/www.vom-taubertal.de\/blog\/animal-2023-die-taubertalperser-waren-unterwegs\/","name":"Die Taubertalperser unterwegs bei der Animal 2023","isPartOf":{"@id":"https:\/\/www.vom-taubertal.de\/blog\/#website"},"primaryImageOfPage":{"@id":"https:\/\/www.vom-taubertal.de\/blog\/animal-2023-die-taubertalperser-waren-unterwegs\/#primaryimage"},"image":{"@id":"https:\/\/www.vom-taubertal.de\/blog\/animal-2023-die-taubertalperser-waren-unterwegs\/#primaryimage"},"thumbnailUrl":"https:\/\/i0.wp.com\/www.vom-taubertal.de\/blog\/wp-content\/uploads\/2023\/11\/Animal-Titelbild-1.jpg?fit=800%2C300&quality=100&ssl=1","datePublished":"2023-11-27T15:00:52+00:00","dateModified":"2024-04-03T07:52:11+00:00","description":"Wir waren anl\u00e4sslich des Messeherbst Stuttgart bei der Animal 2023 unterwegs und haben uns umgesehen","breadcrumb":{"@id":"https:\/\/www.vom-taubertal.de\/blog\/animal-2023-die-taubertalperser-waren-unterwegs\/#breadcrumb"},"inLanguage":"de","potentialAction":[{"@type":"ReadAction","target":["https:\/\/www.vom-taubertal.de\/blog\/animal-2023-die-taubertalperser-waren-unterwegs\/"]}]},{"@type":"ImageObject","inLanguage":"de","@id":"https:\/\/www.vom-taubertal.de\/blog\/animal-2023-die-taubertalperser-waren-unterwegs\/#primaryimage","url":"https:\/\/i0.wp.com\/www.vom-taubertal.de\/blog\/wp-content\/uploads\/2023\/11\/Animal-Titelbild-1.jpg?fit=800%2C300&quality=100&ssl=1","contentUrl":"https:\/\/i0.wp.com\/www.vom-taubertal.de\/blog\/wp-content\/uploads\/2023\/11\/Animal-Titelbild-1.jpg?fit=800%2C300&quality=100&ssl=1","width":800,"height":300},{"@type":"BreadcrumbList","@id":"https:\/\/www.vom-taubertal.de\/blog\/animal-2023-die-taubertalperser-waren-unterwegs\/#breadcrumb","itemListElement":[{"@type":"ListItem","position":1,"name":"Home","item":"https:\/\/www.vom-taubertal.de\/blog\/"},{"@type":"ListItem","position":2,"name":"Animal 2023 \u2013 die Taubertalperser waren unterwegs &#8230;"}]},{"@type":"WebSite","@id":"https:\/\/www.vom-taubertal.de\/blog\/#website","url":"https:\/\/www.vom-taubertal.de\/blog\/","name":"Die Taubertalperser","description":"Alles \u00fcber und f\u00fcr Katzen ","publisher":{"@id":"https:\/\/www.vom-taubertal.de\/blog\/#\/schema\/person\/368654e092f5785df440fe834ecc3049"},"potentialAction":[{"@type":"SearchAction","target":{"@type":"EntryPoint","urlTemplate":"https:\/\/www.vom-taubertal.de\/blog\/?s={search_term_string}"},"query-input":{"@type":"PropertyValueSpecification","valueRequired":true,"valueName":"search_term_string"}}],"inLanguage":"de"},{"@type":["Person","Organization"],"@id":"https:\/\/www.vom-taubertal.de\/blog\/#\/schema\/person\/368654e092f5785df440fe834ecc3049","name":"afrank","image":{"@type":"ImageObject","inLanguage":"de","@id":"https:\/\/www.vom-taubertal.de\/blog\/wp-content\/uploads\/2019\/03\/Andrea_Dividi_02.jpg","url":"https:\/\/www.vom-taubertal.de\/blog\/wp-content\/uploads\/2019\/03\/Andrea_Dividi_02.jpg","contentUrl":"https:\/\/www.vom-taubertal.de\/blog\/wp-content\/uploads\/2019\/03\/Andrea_Dividi_02.jpg","width":653,"height":800,"caption":"afrank"},"logo":{"@id":"https:\/\/www.vom-taubertal.de\/blog\/wp-content\/uploads\/2019\/03\/Andrea_Dividi_02.jpg"}}]}},"jetpack_publicize_connections":[],"jetpack_featured_media_url":"https:\/\/i0.wp.com\/www.vom-taubertal.de\/blog\/wp-content\/uploads\/2023\/11\/Animal-Titelbild-1.jpg?fit=800%2C300&quality=100&ssl=1","jetpack_sharing_enabled":true,"_links":{"self":[{"href":"https:\/\/www.vom-taubertal.de\/blog\/wp-json\/wp\/v2\/posts\/35006","targetHints":{"allow":["GET"]}}],"collection":[{"href":"https:\/\/www.vom-taubertal.de\/blog\/wp-json\/wp\/v2\/posts"}],"about":[{"href":"https:\/\/www.vom-taubertal.de\/blog\/wp-json\/wp\/v2\/types\/post"}],"author":[{"embeddable":true,"href":"https:\/\/www.vom-taubertal.de\/blog\/wp-json\/wp\/v2\/users\/1"}],"replies":[{"embeddable":true,"href":"https:\/\/www.vom-taubertal.de\/blog\/wp-json\/wp\/v2\/comments?post=35006"}],"version-history":[{"count":4,"href":"https:\/\/www.vom-taubertal.de\/blog\/wp-json\/wp\/v2\/posts\/35006\/revisions"}],"predecessor-version":[{"id":35022,"href":"https:\/\/www.vom-taubertal.de\/blog\/wp-json\/wp\/v2\/posts\/35006\/revisions\/35022"}],"wp:featuredmedia":[{"embeddable":true,"href":"https:\/\/www.vom-taubertal.de\/blog\/wp-json\/wp\/v2\/media\/36465"}],"wp:attachment":[{"href":"https:\/\/www.vom-taubertal.de\/blog\/wp-json\/wp\/v2\/media?parent=35006"}],"wp:term":[{"taxonomy":"category","embeddable":true,"href":"https:\/\/www.vom-taubertal.de\/blog\/wp-json\/wp\/v2\/categories?post=35006"},{"taxonomy":"post_tag","embeddable":true,"href":"https:\/\/www.vom-taubertal.de\/blog\/wp-json\/wp\/v2\/tags?post=35006"}],"curies":[{"name":"wp","href":"https:\/\/api.w.org\/{rel}","templated":true}]}}