{"id":38979,"date":"2024-09-04T08:11:32","date_gmt":"2024-09-04T06:11:32","guid":{"rendered":"https:\/\/www.vom-taubertal.de\/blog\/?p=38979"},"modified":"2024-09-04T08:51:52","modified_gmt":"2024-09-04T06:51:52","slug":"brummhummelchen-hat-geburtstag","status":"publish","type":"post","link":"https:\/\/www.vom-taubertal.de\/blog\/brummhummelchen-hat-geburtstag\/","title":{"rendered":"Brummhummelchen hat Geburtstag!"},"content":{"rendered":"<p>Heute hat doch tats\u00e4chlich unser Brummhummelchen Geburtstag. Unglaublich wie die Zeit vergeht, sie feiert heute ihren 3. Geburtstag!<\/p>\n<p><!--more--><\/p>\n<p>Uns kommt es wie gestern vor als ich sie vor unserem Haus eingesammelt habe \u2013 gegen ihren Willen. Wie gestern als sie das Badezimmer unserer Einliegerwohnung blockierte, weil sie eine kleine Giardien-Prinzessin war.<\/p>\n<p><a href=\"https:\/\/i0.wp.com\/www.vom-taubertal.de\/blog\/wp-content\/uploads\/2024\/09\/CO_00.jpg?quality=100&#038;ssl=1\"><img data-recalc-dims=\"1\" loading=\"lazy\" decoding=\"async\" class=\"aligncenter size-full wp-image-38986\" src=\"https:\/\/i0.wp.com\/www.vom-taubertal.de\/blog\/wp-content\/uploads\/2024\/09\/CO_00.jpg?resize=800%2C533&#038;quality=100&#038;ssl=1\" alt=\"Kleine Tigerkatze, Brummhummelchen, C.O. \" width=\"800\" height=\"533\" srcset=\"https:\/\/i0.wp.com\/www.vom-taubertal.de\/blog\/wp-content\/uploads\/2024\/09\/CO_00.jpg?w=800&amp;quality=100&amp;ssl=1 800w, https:\/\/i0.wp.com\/www.vom-taubertal.de\/blog\/wp-content\/uploads\/2024\/09\/CO_00.jpg?resize=300%2C200&amp;quality=100&amp;ssl=1 300w, https:\/\/i0.wp.com\/www.vom-taubertal.de\/blog\/wp-content\/uploads\/2024\/09\/CO_00.jpg?resize=768%2C512&amp;quality=100&amp;ssl=1 768w\" sizes=\"auto, (max-width: 800px) 100vw, 800px\" \/><\/a>Ich kann mich noch so gut an diese Zeit erinnern. Was habe ich gelacht und geflucht zugleich 12Aber sie war damals schon eine kleine Pers\u00f6nlichkeit, deren Charme man sich kaum entziehen konnte.<\/p>\n<p>Und wenn sie einen dann mit gro\u00dfen Augen ansah \u2013 schwupp um die kleine Kralle gewickelt in einer hundertstel Sekunde.<\/p>\n<div id=\"ez-toc-container\" class=\"ez-toc-v2_0_82_2 counter-hierarchy ez-toc-counter ez-toc-grey ez-toc-container-direction\">\n<div class=\"ez-toc-title-container\">\n<p class=\"ez-toc-title\" style=\"cursor:inherit\">Inhaltsverzeichnis<\/p>\n<span class=\"ez-toc-title-toggle\"><a href=\"#\" class=\"ez-toc-pull-right ez-toc-btn ez-toc-btn-xs ez-toc-btn-default ez-toc-toggle\" aria-label=\"Toggle Table of Content\"><span class=\"ez-toc-js-icon-con\"><span class=\"\"><span class=\"eztoc-hide\" style=\"display:none;\">Toggle<\/span><span class=\"ez-toc-icon-toggle-span\"><svg style=\"fill: #999;color:#999\" xmlns=\"http:\/\/www.w3.org\/2000\/svg\" class=\"list-377408\" width=\"20px\" height=\"20px\" viewBox=\"0 0 24 24\" fill=\"none\"><path d=\"M6 6H4v2h2V6zm14 0H8v2h12V6zM4 11h2v2H4v-2zm16 0H8v2h12v-2zM4 16h2v2H4v-2zm16 0H8v2h12v-2z\" fill=\"currentColor\"><\/path><\/svg><svg style=\"fill: #999;color:#999\" class=\"arrow-unsorted-368013\" xmlns=\"http:\/\/www.w3.org\/2000\/svg\" width=\"10px\" height=\"10px\" viewBox=\"0 0 24 24\" version=\"1.2\" baseProfile=\"tiny\"><path d=\"M18.2 9.3l-6.2-6.3-6.2 6.3c-.2.2-.3.4-.3.7s.1.5.3.7c.2.2.4.3.7.3h11c.3 0 .5-.1.7-.3.2-.2.3-.5.3-.7s-.1-.5-.3-.7zM5.8 14.7l6.2 6.3 6.2-6.3c.2-.2.3-.5.3-.7s-.1-.5-.3-.7c-.2-.2-.4-.3-.7-.3h-11c-.3 0-.5.1-.7.3-.2.2-.3.5-.3.7s.1.5.3.7z\"\/><\/svg><\/span><\/span><\/span><\/a><\/span><\/div>\n<nav><ul class='ez-toc-list ez-toc-list-level-1 ' ><li class='ez-toc-page-1 ez-toc-heading-level-3'><a class=\"ez-toc-link ez-toc-heading-1\" href=\"https:\/\/www.vom-taubertal.de\/blog\/brummhummelchen-hat-geburtstag\/#Wir_sind_dankbar\" >Wir sind dankbar<\/a><\/li><li class='ez-toc-page-1 ez-toc-heading-level-3'><a class=\"ez-toc-link ez-toc-heading-2\" href=\"https:\/\/www.vom-taubertal.de\/blog\/brummhummelchen-hat-geburtstag\/#Brummhummelchens_gute_Erziehung\" >Brummhummelchens gute Erziehung<\/a><\/li><li class='ez-toc-page-1 ez-toc-heading-level-3'><a class=\"ez-toc-link ez-toc-heading-3\" href=\"https:\/\/www.vom-taubertal.de\/blog\/brummhummelchen-hat-geburtstag\/#Brummhummelchens_neue_Freunde\" >Brummhummelchens neue Freunde<\/a><\/li><li class='ez-toc-page-1 ez-toc-heading-level-3'><a class=\"ez-toc-link ez-toc-heading-4\" href=\"https:\/\/www.vom-taubertal.de\/blog\/brummhummelchen-hat-geburtstag\/#Brummhummelchens_Rituale\" >Brummhummelchens Rituale<\/a><\/li><\/ul><\/nav><\/div>\n<h3><span class=\"ez-toc-section\" id=\"Wir_sind_dankbar\"><\/span>Wir sind dankbar<span class=\"ez-toc-section-end\"><\/span><\/h3>\n<p>Wir haben so auf den ehemaligen Besitzer unserer kleinen Brummhummel geschimpft. Wer bitte setzt auch Anfang Dezember so ein kleines Kitten vor die T\u00fcr?<\/p>\n<p>Aber heute fast drei Jahre sp\u00e4ter muss man festhalten das wir ihm dankbar sind. Wir sind unglaublich dankbar, dass wir diese kleine Maus gefunden und ihr ein neues Leben erm\u00f6glichen konnten. Und wir sind bem\u00fcht das sie auch weiterhin ein tolles Leben hat.<\/p>\n<p>Sie zeigt es uns t\u00e4glich, wie sehr sie dieses neue Leben genie\u00dft. Und sie bereitet uns so eine unheimlich gro\u00dfe Freude. Selten so eine freundliche und auch brave Katze gesehen. Ja sie hatte ihre Sturm- und Drangzeit aber seit diese vorbei ist, ist sie eine perfekte Katze. Naja fast &#8230;.. :-)<\/p>\n<h3><a href=\"https:\/\/i0.wp.com\/www.vom-taubertal.de\/blog\/wp-content\/uploads\/2024\/09\/CO_01.jpg?quality=100&#038;ssl=1\"><img data-recalc-dims=\"1\" loading=\"lazy\" decoding=\"async\" class=\"aligncenter size-full wp-image-38987\" src=\"https:\/\/i0.wp.com\/www.vom-taubertal.de\/blog\/wp-content\/uploads\/2024\/09\/CO_01.jpg?resize=800%2C533&#038;quality=100&#038;ssl=1\" alt=\"Brummhummelchen beim Tierarzt\" width=\"800\" height=\"533\" srcset=\"https:\/\/i0.wp.com\/www.vom-taubertal.de\/blog\/wp-content\/uploads\/2024\/09\/CO_01.jpg?w=800&amp;quality=100&amp;ssl=1 800w, https:\/\/i0.wp.com\/www.vom-taubertal.de\/blog\/wp-content\/uploads\/2024\/09\/CO_01.jpg?resize=300%2C200&amp;quality=100&amp;ssl=1 300w, https:\/\/i0.wp.com\/www.vom-taubertal.de\/blog\/wp-content\/uploads\/2024\/09\/CO_01.jpg?resize=768%2C512&amp;quality=100&amp;ssl=1 768w\" sizes=\"auto, (max-width: 800px) 100vw, 800px\" \/><\/a>Brummhummelchens gute Erziehung<\/h3>\n<p>Ab dem Tag, als sie bei uns einziehen durfte, hat unser Dividi die Erziehung der kleinen Motte in seine Pfoten genommen und ich bin ihm daf\u00fcr unheimlich dankbar.<br \/>\nGeschickt und mit einer gewissen Souver\u00e4nit\u00e4t hat er Brummhummelchen die Dos and Don\u2019ts in unserem Haushalt n\u00e4hergebracht.<\/p>\n<p>Mit ihr war es nie das Thema \u201eSitzen auf dem Tisch\u201c oder \u00e4hnliches, das wusste Dividi geschickt zu verhindern und wenn sie mal wieder zu frech war, gab es von ihm schon mal eine klare Ansage.<\/p>\n<p><a href=\"https:\/\/i0.wp.com\/www.vom-taubertal.de\/blog\/wp-content\/uploads\/2024\/09\/Ansage-Dividi.jpg?quality=100&#038;ssl=1\"><img data-recalc-dims=\"1\" loading=\"lazy\" decoding=\"async\" class=\"aligncenter size-full wp-image-38990\" src=\"https:\/\/i0.wp.com\/www.vom-taubertal.de\/blog\/wp-content\/uploads\/2024\/09\/Ansage-Dividi.jpg?resize=800%2C533&#038;quality=100&#038;ssl=1\" alt=\"Dividi, Brummhummelchen\" width=\"800\" height=\"533\" srcset=\"https:\/\/i0.wp.com\/www.vom-taubertal.de\/blog\/wp-content\/uploads\/2024\/09\/Ansage-Dividi.jpg?w=800&amp;quality=100&amp;ssl=1 800w, https:\/\/i0.wp.com\/www.vom-taubertal.de\/blog\/wp-content\/uploads\/2024\/09\/Ansage-Dividi.jpg?resize=300%2C200&amp;quality=100&amp;ssl=1 300w, https:\/\/i0.wp.com\/www.vom-taubertal.de\/blog\/wp-content\/uploads\/2024\/09\/Ansage-Dividi.jpg?resize=768%2C512&amp;quality=100&amp;ssl=1 768w\" sizes=\"auto, (max-width: 800px) 100vw, 800px\" \/><\/a>Unvergessen auch ihre Sturm- und Drangzeit als sie aufmuckte und beim Vorbeilaufen Dividi mal einen Pfotenstubser gab. Dividi ersparte sich die M\u00fche ihr hinterherzulaufen \u2013 er wusste genau, dass die Kleine wieder bei ihm vorbeilaufen w\u00fcrde und brauchte dann nur mal kurz die Pfote erheben \u2013 zack Thema durch :-)<\/p>\n<h3><span class=\"ez-toc-section\" id=\"Brummhummelchens_neue_Freunde\"><\/span>Brummhummelchens neue Freunde<span class=\"ez-toc-section-end\"><\/span><\/h3>\n<p>Nachdem wir leider innerhalb k\u00fcrzester Zeit drei unserer geliebten Katzen \u00fcber die Regenbogenbr\u00fccke gehen lassen mussten, war es eine logische Entscheidung ihr altersm\u00e4\u00dfig passende Kollegen zu besorgen.<br \/>\nAuf diesen Wegen wollten wir verhindern, dass sie sp\u00e4ter ihr Leben als Einzelkatze fristen muss oder massive Probleme hat mit einer Neuvergesellschaftung. Noch ist sie jung genug um mit Ver\u00e4nderungen schneller und besser zurechtzukommen.<\/p>\n<p><a href=\"https:\/\/i0.wp.com\/www.vom-taubertal.de\/blog\/wp-content\/uploads\/2024\/09\/Moritz.jpg?quality=100&#038;ssl=1\"><img data-recalc-dims=\"1\" loading=\"lazy\" decoding=\"async\" class=\"aligncenter wp-image-38988 size-full\" src=\"https:\/\/i0.wp.com\/www.vom-taubertal.de\/blog\/wp-content\/uploads\/2024\/09\/Moritz.jpg?resize=800%2C533&#038;quality=100&#038;ssl=1\" alt=\"Moritz, Tuxedokatze, schwarz-wei\u00dfer Kater\" width=\"800\" height=\"533\" srcset=\"https:\/\/i0.wp.com\/www.vom-taubertal.de\/blog\/wp-content\/uploads\/2024\/09\/Moritz.jpg?w=800&amp;quality=100&amp;ssl=1 800w, https:\/\/i0.wp.com\/www.vom-taubertal.de\/blog\/wp-content\/uploads\/2024\/09\/Moritz.jpg?resize=300%2C200&amp;quality=100&amp;ssl=1 300w, https:\/\/i0.wp.com\/www.vom-taubertal.de\/blog\/wp-content\/uploads\/2024\/09\/Moritz.jpg?resize=768%2C512&amp;quality=100&amp;ssl=1 768w\" sizes=\"auto, (max-width: 800px) 100vw, 800px\" \/><\/a>So zogen zwei Katerchen, Max und Moritz, bei uns ein und halten nun Brummhummelchen auf Trab bzw. hofieren sie. Ganz wie es einer \u201eK\u00f6nigin\u201c zusteht. Wenn sie Lust hat, tobt sie mit den beiden durch das Haus und wenn nicht, residiert sie auf \u201eihrem\u201c Kissen und beobachtet die beiden.<\/p>\n<h3><a href=\"https:\/\/i0.wp.com\/www.vom-taubertal.de\/blog\/wp-content\/uploads\/2024\/09\/Max.jpg?quality=100&#038;ssl=1\"><img data-recalc-dims=\"1\" loading=\"lazy\" decoding=\"async\" class=\"aligncenter size-full wp-image-38991\" src=\"https:\/\/i0.wp.com\/www.vom-taubertal.de\/blog\/wp-content\/uploads\/2024\/09\/Max.jpg?resize=800%2C533&#038;quality=100&#038;ssl=1\" alt=\"\" width=\"800\" height=\"533\" srcset=\"https:\/\/i0.wp.com\/www.vom-taubertal.de\/blog\/wp-content\/uploads\/2024\/09\/Max.jpg?w=800&amp;quality=100&amp;ssl=1 800w, https:\/\/i0.wp.com\/www.vom-taubertal.de\/blog\/wp-content\/uploads\/2024\/09\/Max.jpg?resize=300%2C200&amp;quality=100&amp;ssl=1 300w, https:\/\/i0.wp.com\/www.vom-taubertal.de\/blog\/wp-content\/uploads\/2024\/09\/Max.jpg?resize=768%2C512&amp;quality=100&amp;ssl=1 768w\" sizes=\"auto, (max-width: 800px) 100vw, 800px\" \/><\/a>Brummhummelchens Rituale<\/h3>\n<p>Wie alle Katzen liebt auch unser Brummhummelchen Rituale. W\u00e4hrend das eine oder andere man getrost mal ausfallen lassen kann, besteht sie mit Nachdruck auf ein ganz spezielles.<\/p>\n<p>Seit ihrem Einzug bei uns im Haus l\u00e4sst sie sich jeden Abend in unserem Bett in meine Arme plumpsen, um dann selig einzuschlafen. Ratet mal :-)<\/p>\n<p>Und nein es reicht ihr nicht einfach neben mir umzufallen (dies ist im \u00dcbrigen w\u00f6rtlich gemeint) sondern ich muss meine Decke anheben und erst dann ist sie zufrieden und plumpst auf mich. Und wehe ich habe schon die Augen geschlossen wenn sie kommt \u2013 dann h\u00f6re ich schon lautstark ihre Entr\u00fcstung \u00fcber diesen Frevel!!<\/p>\n<p>Und dies passiert t\u00e4glich, seit sie bei uns lebt und wenn ich daheim bin. Jeden einzelnen Tag &#8230;. nur ein einziges Mal hat sie es f\u00fcr ein paar Tage ausfallen lassen, aber da waren die neu eingezogenen Jungs wesentlich interessanter und mussten beobachtet werden.<\/p>\n<p><a href=\"https:\/\/i0.wp.com\/www.vom-taubertal.de\/blog\/wp-content\/uploads\/2024\/09\/Geburtstagsgeschenk2.jpg?quality=100&#038;ssl=1\"><img data-recalc-dims=\"1\" loading=\"lazy\" decoding=\"async\" class=\"aligncenter wp-image-38992 size-full\" src=\"https:\/\/i0.wp.com\/www.vom-taubertal.de\/blog\/wp-content\/uploads\/2024\/09\/Geburtstagsgeschenk2.jpg?resize=800%2C533&#038;quality=100&#038;ssl=1\" alt=\"Geburtstagsgeschenk Brummhummelchen, Pets Deli\" width=\"800\" height=\"533\" srcset=\"https:\/\/i0.wp.com\/www.vom-taubertal.de\/blog\/wp-content\/uploads\/2024\/09\/Geburtstagsgeschenk2.jpg?w=800&amp;quality=100&amp;ssl=1 800w, https:\/\/i0.wp.com\/www.vom-taubertal.de\/blog\/wp-content\/uploads\/2024\/09\/Geburtstagsgeschenk2.jpg?resize=300%2C200&amp;quality=100&amp;ssl=1 300w, https:\/\/i0.wp.com\/www.vom-taubertal.de\/blog\/wp-content\/uploads\/2024\/09\/Geburtstagsgeschenk2.jpg?resize=768%2C512&amp;quality=100&amp;ssl=1 768w\" sizes=\"auto, (max-width: 800px) 100vw, 800px\" \/><\/a>Und nun feiert sie heute ihren 3. Geburtstag!<\/p>\n<p>Fast drei Jahre schon bei uns, fast drei Jahre, in denen sie uns bezaubert und verzaubert.<br \/>\nEs vergeht kaum eine Woche in der wir nicht mindestens einmal feststellen<\/p>\n<p style=\"text-align: center;\"><strong><em>\u201eGut das wir sie damals gerettet haben\u201c<\/em><\/strong><\/p>\n<p>In diesem Sinne s\u00fc\u00dfes Brummhummelchen hab noch viele weitere sch\u00f6ne Jahre bei uns und erfreu uns weiter mit deiner Anwesenheit, deinem Schabernack sowie deiner bedingungslosen Liebe und Hingabe.<\/p>\n<p>Und hab viel Spa\u00df mit deinem <strong><a href=\"https:\/\/tidd.ly\/3LXnJyi\" target=\"_blank\" rel=\"noopener\"><em>Geburtstagsgeschenk<\/em><\/a><\/strong>* und wenn du magst darfst du es auch mit den Jungs teilen aber nur wenn du magst ;-)<\/p>\n<p>P.S.: Selbstverst\u00e4ndlich hat unser s\u00fc\u00dfes Brummhummelchen \u2013 wie es sich f\u00fcr eine echte Lady geh\u00f6rt, mehrere Namen \u2013 C.O. die offizielle Version, Brummhummelchen, Brummelchen (wenn sie grantig ist) oder auch Schneggle (wenn sie mal wieder meganiedlich einen ansieht)<\/p>\n<hr>\n<p>Hat dir dieser Beitrag gefallen und du m\u00f6chtest auch in der Zukunft keine tollen Tipps zur Katzenhaltung oder interessante Produktempfehlungen verpassen?<br \/>\nAbonniere einfach unseren Blog und erhalte die neuesten Beitr\u00e4ge einfach direkt in den Mailfach.<\/p>\n<p>Gerne darfst du auch unsere Beitr\u00e4ge mit anderen Katzenliebhabern teilen.<\/p>\n<p><script async=\"\" src=\"https:\/\/pagead2.googlesyndication.com\/pagead\/js\/adsbygoogle.js?client=ca-pub-3363977028533397\" crossorigin=\"anonymous\"><\/script><br \/>\n<ins class=\"adsbygoogle\" style=\"display: block;\" data-ad-format=\"autorelaxed\" data-ad-client=\"ca-pub-3363977028533397\" data-ad-slot=\"1497449773\"><\/ins><br \/>\n<script>\n     (adsbygoogle = window.adsbygoogle || []).push({});\n<\/script><br \/>\n<a href=\"https:\/\/www.vom-taubertal.de\/blog\/partner-links-was-ist-das\/\" target=\"_blank\" rel=\"noopener\"><img data-recalc-dims=\"1\" loading=\"lazy\" decoding=\"async\" class=\"aligncenter size-full wp-image-35175\" src=\"https:\/\/i0.wp.com\/www.vom-taubertal.de\/blog\/wp-content\/uploads\/2018\/02\/Partnerlinks.png?resize=350%2C99&#038;quality=100&#038;ssl=1\" alt=\"\" width=\"350\" height=\"99\" srcset=\"https:\/\/i0.wp.com\/www.vom-taubertal.de\/blog\/wp-content\/uploads\/2018\/02\/Partnerlinks.png?w=350&amp;quality=100&amp;ssl=1 350w, https:\/\/i0.wp.com\/www.vom-taubertal.de\/blog\/wp-content\/uploads\/2018\/02\/Partnerlinks.png?resize=300%2C85&amp;quality=100&amp;ssl=1 300w\" sizes=\"auto, (max-width: 350px) 100vw, 350px\" \/><\/a><\/p>\n<p><!-- START ADVERTISER: Pets Deli DE\/AT from awin.com --><\/p>\n<p><a href=\"https:\/\/www.awin1.com\/cread.php?s=3022820&amp;v=22950&amp;q=415746&amp;r=557159\" rel=\"sponsored\"><br \/>\n<img decoding=\"async\" class=\"aligncenter\" src=\"https:\/\/www.awin1.com\/cshow.php?s=3022820&amp;v=22950&amp;q=415746&amp;r=557159\" border=\"0\"><br \/>\n<\/a><\/p>\n","protected":false},"excerpt":{"rendered":"<p>Heute hat doch tats\u00e4chlich unser Brummhummelchen Geburtstag. Unglaublich wie die Zeit vergeht, sie feiert heute ihren 3. Geburtstag!<\/p>\n","protected":false},"author":1,"featured_media":38984,"comment_status":"open","ping_status":"open","sticky":false,"template":"","format":"standard","meta":{"colormag_page_container_layout":"default_layout","colormag_page_sidebar_layout":"default_layout","sfsi_plus_gutenberg_text_before_share":"","sfsi_plus_gutenberg_show_text_before_share":"","sfsi_plus_gutenberg_icon_type":"","sfsi_plus_gutenberg_icon_alignemt":"","sfsi_plus_gutenburg_max_per_row":"","ngg_post_thumbnail":0,"_jetpack_memberships_contains_paid_content":false,"footnotes":"","jetpack_publicize_message":"","jetpack_publicize_feature_enabled":true,"jetpack_social_post_already_shared":true,"jetpack_social_options":{"image_generator_settings":{"template":"highway","default_image_id":0,"font":"","enabled":false},"version":2},"_wpas_customize_per_network":false},"categories":[1],"tags":[],"class_list":["post-38979","post","type-post","status-publish","format-standard","has-post-thumbnail","hentry","category-allgemein-katzen-perserkatzen-taubertalperser"],"yoast_head":"<!-- This site is optimized with the Yoast SEO plugin v27.5 - https:\/\/yoast.com\/product\/yoast-seo-wordpress\/ -->\n<title>Brummhummelchen hat Geburtstag! - Taubertalperser<\/title>\n<meta name=\"description\" content=\"Heute hat doch tats\u00e4chlich unser Brummhummelchen Geburtstag. Unvergessen sind die Tage wie wir sie gefunden haben.\" \/>\n<meta name=\"robots\" content=\"index, follow, max-snippet:-1, max-image-preview:large, max-video-preview:-1\" \/>\n<link rel=\"canonical\" href=\"https:\/\/www.vom-taubertal.de\/blog\/brummhummelchen-hat-geburtstag\/\" \/>\n<meta property=\"og:locale\" content=\"de_DE\" \/>\n<meta property=\"og:type\" content=\"article\" \/>\n<meta property=\"og:title\" content=\"Brummhummelchen hat Geburtstag! - Taubertalperser\" \/>\n<meta property=\"og:description\" content=\"Heute hat doch tats\u00e4chlich unser Brummhummelchen Geburtstag. Unvergessen sind die Tage wie wir sie gefunden haben.\" \/>\n<meta property=\"og:url\" content=\"https:\/\/www.vom-taubertal.de\/blog\/brummhummelchen-hat-geburtstag\/\" \/>\n<meta property=\"og:site_name\" content=\"Die Taubertalperser\" \/>\n<meta property=\"article:published_time\" content=\"2024-09-04T06:11:32+00:00\" \/>\n<meta property=\"article:modified_time\" content=\"2024-09-04T06:51:52+00:00\" \/>\n<meta property=\"og:image\" content=\"https:\/\/www.vom-taubertal.de\/blog\/wp-content\/uploads\/2024\/09\/Titelbild-Geburtstag2.jpg\" \/>\n\t<meta property=\"og:image:width\" content=\"800\" \/>\n\t<meta property=\"og:image:height\" content=\"300\" \/>\n\t<meta property=\"og:image:type\" content=\"image\/jpeg\" \/>\n<meta name=\"author\" content=\"afrank\" \/>\n<meta name=\"twitter:label1\" content=\"Verfasst von\" \/>\n\t<meta name=\"twitter:data1\" content=\"afrank\" \/>\n\t<meta name=\"twitter:label2\" content=\"Gesch\u00e4tzte Lesezeit\" \/>\n\t<meta name=\"twitter:data2\" content=\"7\u00a0Minuten\" \/>\n<script type=\"application\/ld+json\" class=\"yoast-schema-graph\">{\"@context\":\"https:\\\/\\\/schema.org\",\"@graph\":[{\"@type\":\"Article\",\"@id\":\"https:\\\/\\\/www.vom-taubertal.de\\\/blog\\\/brummhummelchen-hat-geburtstag\\\/#article\",\"isPartOf\":{\"@id\":\"https:\\\/\\\/www.vom-taubertal.de\\\/blog\\\/brummhummelchen-hat-geburtstag\\\/\"},\"author\":{\"name\":\"afrank\",\"@id\":\"https:\\\/\\\/www.vom-taubertal.de\\\/blog\\\/#\\\/schema\\\/person\\\/368654e092f5785df440fe834ecc3049\"},\"headline\":\"Brummhummelchen hat Geburtstag!\",\"datePublished\":\"2024-09-04T06:11:32+00:00\",\"dateModified\":\"2024-09-04T06:51:52+00:00\",\"mainEntityOfPage\":{\"@id\":\"https:\\\/\\\/www.vom-taubertal.de\\\/blog\\\/brummhummelchen-hat-geburtstag\\\/\"},\"wordCount\":836,\"commentCount\":0,\"publisher\":{\"@id\":\"https:\\\/\\\/www.vom-taubertal.de\\\/blog\\\/#\\\/schema\\\/person\\\/368654e092f5785df440fe834ecc3049\"},\"image\":{\"@id\":\"https:\\\/\\\/www.vom-taubertal.de\\\/blog\\\/brummhummelchen-hat-geburtstag\\\/#primaryimage\"},\"thumbnailUrl\":\"https:\\\/\\\/i0.wp.com\\\/www.vom-taubertal.de\\\/blog\\\/wp-content\\\/uploads\\\/2024\\\/09\\\/Titelbild-Geburtstag2.jpg?fit=800%2C300&quality=100&ssl=1\",\"inLanguage\":\"de\",\"potentialAction\":[{\"@type\":\"CommentAction\",\"name\":\"Comment\",\"target\":[\"https:\\\/\\\/www.vom-taubertal.de\\\/blog\\\/brummhummelchen-hat-geburtstag\\\/#respond\"]}]},{\"@type\":\"WebPage\",\"@id\":\"https:\\\/\\\/www.vom-taubertal.de\\\/blog\\\/brummhummelchen-hat-geburtstag\\\/\",\"url\":\"https:\\\/\\\/www.vom-taubertal.de\\\/blog\\\/brummhummelchen-hat-geburtstag\\\/\",\"name\":\"Brummhummelchen hat Geburtstag! - Taubertalperser\",\"isPartOf\":{\"@id\":\"https:\\\/\\\/www.vom-taubertal.de\\\/blog\\\/#website\"},\"primaryImageOfPage\":{\"@id\":\"https:\\\/\\\/www.vom-taubertal.de\\\/blog\\\/brummhummelchen-hat-geburtstag\\\/#primaryimage\"},\"image\":{\"@id\":\"https:\\\/\\\/www.vom-taubertal.de\\\/blog\\\/brummhummelchen-hat-geburtstag\\\/#primaryimage\"},\"thumbnailUrl\":\"https:\\\/\\\/i0.wp.com\\\/www.vom-taubertal.de\\\/blog\\\/wp-content\\\/uploads\\\/2024\\\/09\\\/Titelbild-Geburtstag2.jpg?fit=800%2C300&quality=100&ssl=1\",\"datePublished\":\"2024-09-04T06:11:32+00:00\",\"dateModified\":\"2024-09-04T06:51:52+00:00\",\"description\":\"Heute hat doch tats\u00e4chlich unser Brummhummelchen Geburtstag. Unvergessen sind die Tage wie wir sie gefunden haben.\",\"breadcrumb\":{\"@id\":\"https:\\\/\\\/www.vom-taubertal.de\\\/blog\\\/brummhummelchen-hat-geburtstag\\\/#breadcrumb\"},\"inLanguage\":\"de\",\"potentialAction\":[{\"@type\":\"ReadAction\",\"target\":[\"https:\\\/\\\/www.vom-taubertal.de\\\/blog\\\/brummhummelchen-hat-geburtstag\\\/\"]}]},{\"@type\":\"ImageObject\",\"inLanguage\":\"de\",\"@id\":\"https:\\\/\\\/www.vom-taubertal.de\\\/blog\\\/brummhummelchen-hat-geburtstag\\\/#primaryimage\",\"url\":\"https:\\\/\\\/i0.wp.com\\\/www.vom-taubertal.de\\\/blog\\\/wp-content\\\/uploads\\\/2024\\\/09\\\/Titelbild-Geburtstag2.jpg?fit=800%2C300&quality=100&ssl=1\",\"contentUrl\":\"https:\\\/\\\/i0.wp.com\\\/www.vom-taubertal.de\\\/blog\\\/wp-content\\\/uploads\\\/2024\\\/09\\\/Titelbild-Geburtstag2.jpg?fit=800%2C300&quality=100&ssl=1\",\"width\":800,\"height\":300,\"caption\":\"Geburtstag\"},{\"@type\":\"BreadcrumbList\",\"@id\":\"https:\\\/\\\/www.vom-taubertal.de\\\/blog\\\/brummhummelchen-hat-geburtstag\\\/#breadcrumb\",\"itemListElement\":[{\"@type\":\"ListItem\",\"position\":1,\"name\":\"Home\",\"item\":\"https:\\\/\\\/www.vom-taubertal.de\\\/blog\\\/\"},{\"@type\":\"ListItem\",\"position\":2,\"name\":\"Brummhummelchen hat Geburtstag!\"}]},{\"@type\":\"WebSite\",\"@id\":\"https:\\\/\\\/www.vom-taubertal.de\\\/blog\\\/#website\",\"url\":\"https:\\\/\\\/www.vom-taubertal.de\\\/blog\\\/\",\"name\":\"Die Taubertalperser\",\"description\":\"Alles \u00fcber und f\u00fcr Katzen \",\"publisher\":{\"@id\":\"https:\\\/\\\/www.vom-taubertal.de\\\/blog\\\/#\\\/schema\\\/person\\\/368654e092f5785df440fe834ecc3049\"},\"potentialAction\":[{\"@type\":\"SearchAction\",\"target\":{\"@type\":\"EntryPoint\",\"urlTemplate\":\"https:\\\/\\\/www.vom-taubertal.de\\\/blog\\\/?s={search_term_string}\"},\"query-input\":{\"@type\":\"PropertyValueSpecification\",\"valueRequired\":true,\"valueName\":\"search_term_string\"}}],\"inLanguage\":\"de\"},{\"@type\":[\"Person\",\"Organization\"],\"@id\":\"https:\\\/\\\/www.vom-taubertal.de\\\/blog\\\/#\\\/schema\\\/person\\\/368654e092f5785df440fe834ecc3049\",\"name\":\"afrank\",\"image\":{\"@type\":\"ImageObject\",\"inLanguage\":\"de\",\"@id\":\"https:\\\/\\\/www.vom-taubertal.de\\\/blog\\\/wp-content\\\/uploads\\\/2019\\\/03\\\/Andrea_Dividi_02.jpg\",\"url\":\"https:\\\/\\\/www.vom-taubertal.de\\\/blog\\\/wp-content\\\/uploads\\\/2019\\\/03\\\/Andrea_Dividi_02.jpg\",\"contentUrl\":\"https:\\\/\\\/www.vom-taubertal.de\\\/blog\\\/wp-content\\\/uploads\\\/2019\\\/03\\\/Andrea_Dividi_02.jpg\",\"width\":653,\"height\":800,\"caption\":\"afrank\"},\"logo\":{\"@id\":\"https:\\\/\\\/www.vom-taubertal.de\\\/blog\\\/wp-content\\\/uploads\\\/2019\\\/03\\\/Andrea_Dividi_02.jpg\"}}]}<\/script>\n<!-- \/ Yoast SEO plugin. -->","yoast_head_json":{"title":"Brummhummelchen hat Geburtstag! - Taubertalperser","description":"Heute hat doch tats\u00e4chlich unser Brummhummelchen Geburtstag. Unvergessen sind die Tage wie wir sie gefunden haben.","robots":{"index":"index","follow":"follow","max-snippet":"max-snippet:-1","max-image-preview":"max-image-preview:large","max-video-preview":"max-video-preview:-1"},"canonical":"https:\/\/www.vom-taubertal.de\/blog\/brummhummelchen-hat-geburtstag\/","og_locale":"de_DE","og_type":"article","og_title":"Brummhummelchen hat Geburtstag! - Taubertalperser","og_description":"Heute hat doch tats\u00e4chlich unser Brummhummelchen Geburtstag. Unvergessen sind die Tage wie wir sie gefunden haben.","og_url":"https:\/\/www.vom-taubertal.de\/blog\/brummhummelchen-hat-geburtstag\/","og_site_name":"Die Taubertalperser","article_published_time":"2024-09-04T06:11:32+00:00","article_modified_time":"2024-09-04T06:51:52+00:00","og_image":[{"width":800,"height":300,"url":"https:\/\/www.vom-taubertal.de\/blog\/wp-content\/uploads\/2024\/09\/Titelbild-Geburtstag2.jpg","type":"image\/jpeg"}],"author":"afrank","twitter_misc":{"Verfasst von":"afrank","Gesch\u00e4tzte Lesezeit":"7\u00a0Minuten"},"schema":{"@context":"https:\/\/schema.org","@graph":[{"@type":"Article","@id":"https:\/\/www.vom-taubertal.de\/blog\/brummhummelchen-hat-geburtstag\/#article","isPartOf":{"@id":"https:\/\/www.vom-taubertal.de\/blog\/brummhummelchen-hat-geburtstag\/"},"author":{"name":"afrank","@id":"https:\/\/www.vom-taubertal.de\/blog\/#\/schema\/person\/368654e092f5785df440fe834ecc3049"},"headline":"Brummhummelchen hat Geburtstag!","datePublished":"2024-09-04T06:11:32+00:00","dateModified":"2024-09-04T06:51:52+00:00","mainEntityOfPage":{"@id":"https:\/\/www.vom-taubertal.de\/blog\/brummhummelchen-hat-geburtstag\/"},"wordCount":836,"commentCount":0,"publisher":{"@id":"https:\/\/www.vom-taubertal.de\/blog\/#\/schema\/person\/368654e092f5785df440fe834ecc3049"},"image":{"@id":"https:\/\/www.vom-taubertal.de\/blog\/brummhummelchen-hat-geburtstag\/#primaryimage"},"thumbnailUrl":"https:\/\/i0.wp.com\/www.vom-taubertal.de\/blog\/wp-content\/uploads\/2024\/09\/Titelbild-Geburtstag2.jpg?fit=800%2C300&quality=100&ssl=1","inLanguage":"de","potentialAction":[{"@type":"CommentAction","name":"Comment","target":["https:\/\/www.vom-taubertal.de\/blog\/brummhummelchen-hat-geburtstag\/#respond"]}]},{"@type":"WebPage","@id":"https:\/\/www.vom-taubertal.de\/blog\/brummhummelchen-hat-geburtstag\/","url":"https:\/\/www.vom-taubertal.de\/blog\/brummhummelchen-hat-geburtstag\/","name":"Brummhummelchen hat Geburtstag! - Taubertalperser","isPartOf":{"@id":"https:\/\/www.vom-taubertal.de\/blog\/#website"},"primaryImageOfPage":{"@id":"https:\/\/www.vom-taubertal.de\/blog\/brummhummelchen-hat-geburtstag\/#primaryimage"},"image":{"@id":"https:\/\/www.vom-taubertal.de\/blog\/brummhummelchen-hat-geburtstag\/#primaryimage"},"thumbnailUrl":"https:\/\/i0.wp.com\/www.vom-taubertal.de\/blog\/wp-content\/uploads\/2024\/09\/Titelbild-Geburtstag2.jpg?fit=800%2C300&quality=100&ssl=1","datePublished":"2024-09-04T06:11:32+00:00","dateModified":"2024-09-04T06:51:52+00:00","description":"Heute hat doch tats\u00e4chlich unser Brummhummelchen Geburtstag. Unvergessen sind die Tage wie wir sie gefunden haben.","breadcrumb":{"@id":"https:\/\/www.vom-taubertal.de\/blog\/brummhummelchen-hat-geburtstag\/#breadcrumb"},"inLanguage":"de","potentialAction":[{"@type":"ReadAction","target":["https:\/\/www.vom-taubertal.de\/blog\/brummhummelchen-hat-geburtstag\/"]}]},{"@type":"ImageObject","inLanguage":"de","@id":"https:\/\/www.vom-taubertal.de\/blog\/brummhummelchen-hat-geburtstag\/#primaryimage","url":"https:\/\/i0.wp.com\/www.vom-taubertal.de\/blog\/wp-content\/uploads\/2024\/09\/Titelbild-Geburtstag2.jpg?fit=800%2C300&quality=100&ssl=1","contentUrl":"https:\/\/i0.wp.com\/www.vom-taubertal.de\/blog\/wp-content\/uploads\/2024\/09\/Titelbild-Geburtstag2.jpg?fit=800%2C300&quality=100&ssl=1","width":800,"height":300,"caption":"Geburtstag"},{"@type":"BreadcrumbList","@id":"https:\/\/www.vom-taubertal.de\/blog\/brummhummelchen-hat-geburtstag\/#breadcrumb","itemListElement":[{"@type":"ListItem","position":1,"name":"Home","item":"https:\/\/www.vom-taubertal.de\/blog\/"},{"@type":"ListItem","position":2,"name":"Brummhummelchen hat Geburtstag!"}]},{"@type":"WebSite","@id":"https:\/\/www.vom-taubertal.de\/blog\/#website","url":"https:\/\/www.vom-taubertal.de\/blog\/","name":"Die Taubertalperser","description":"Alles \u00fcber und f\u00fcr Katzen ","publisher":{"@id":"https:\/\/www.vom-taubertal.de\/blog\/#\/schema\/person\/368654e092f5785df440fe834ecc3049"},"potentialAction":[{"@type":"SearchAction","target":{"@type":"EntryPoint","urlTemplate":"https:\/\/www.vom-taubertal.de\/blog\/?s={search_term_string}"},"query-input":{"@type":"PropertyValueSpecification","valueRequired":true,"valueName":"search_term_string"}}],"inLanguage":"de"},{"@type":["Person","Organization"],"@id":"https:\/\/www.vom-taubertal.de\/blog\/#\/schema\/person\/368654e092f5785df440fe834ecc3049","name":"afrank","image":{"@type":"ImageObject","inLanguage":"de","@id":"https:\/\/www.vom-taubertal.de\/blog\/wp-content\/uploads\/2019\/03\/Andrea_Dividi_02.jpg","url":"https:\/\/www.vom-taubertal.de\/blog\/wp-content\/uploads\/2019\/03\/Andrea_Dividi_02.jpg","contentUrl":"https:\/\/www.vom-taubertal.de\/blog\/wp-content\/uploads\/2019\/03\/Andrea_Dividi_02.jpg","width":653,"height":800,"caption":"afrank"},"logo":{"@id":"https:\/\/www.vom-taubertal.de\/blog\/wp-content\/uploads\/2019\/03\/Andrea_Dividi_02.jpg"}}]}},"jetpack_publicize_connections":[],"jetpack_featured_media_url":"https:\/\/i0.wp.com\/www.vom-taubertal.de\/blog\/wp-content\/uploads\/2024\/09\/Titelbild-Geburtstag2.jpg?fit=800%2C300&quality=100&ssl=1","jetpack_sharing_enabled":true,"_links":{"self":[{"href":"https:\/\/www.vom-taubertal.de\/blog\/wp-json\/wp\/v2\/posts\/38979","targetHints":{"allow":["GET"]}}],"collection":[{"href":"https:\/\/www.vom-taubertal.de\/blog\/wp-json\/wp\/v2\/posts"}],"about":[{"href":"https:\/\/www.vom-taubertal.de\/blog\/wp-json\/wp\/v2\/types\/post"}],"author":[{"embeddable":true,"href":"https:\/\/www.vom-taubertal.de\/blog\/wp-json\/wp\/v2\/users\/1"}],"replies":[{"embeddable":true,"href":"https:\/\/www.vom-taubertal.de\/blog\/wp-json\/wp\/v2\/comments?post=38979"}],"version-history":[{"count":10,"href":"https:\/\/www.vom-taubertal.de\/blog\/wp-json\/wp\/v2\/posts\/38979\/revisions"}],"predecessor-version":[{"id":39224,"href":"https:\/\/www.vom-taubertal.de\/blog\/wp-json\/wp\/v2\/posts\/38979\/revisions\/39224"}],"wp:featuredmedia":[{"embeddable":true,"href":"https:\/\/www.vom-taubertal.de\/blog\/wp-json\/wp\/v2\/media\/38984"}],"wp:attachment":[{"href":"https:\/\/www.vom-taubertal.de\/blog\/wp-json\/wp\/v2\/media?parent=38979"}],"wp:term":[{"taxonomy":"category","embeddable":true,"href":"https:\/\/www.vom-taubertal.de\/blog\/wp-json\/wp\/v2\/categories?post=38979"},{"taxonomy":"post_tag","embeddable":true,"href":"https:\/\/www.vom-taubertal.de\/blog\/wp-json\/wp\/v2\/tags?post=38979"}],"curies":[{"name":"wp","href":"https:\/\/api.w.org\/{rel}","templated":true}]}}