{"id":4198,"date":"2014-01-05T18:44:12","date_gmt":"2014-01-05T16:44:12","guid":{"rendered":"http:\/\/www.vom-taubertal.de\/blog\/?p=4198"},"modified":"2016-12-02T11:47:08","modified_gmt":"2016-12-02T09:47:08","slug":"fotostory","status":"publish","type":"post","link":"https:\/\/www.vom-taubertal.de\/blog\/fotostory\/","title":{"rendered":"Fotostory: Platz ist im&#8230;."},"content":{"rendered":"<h3><strong>&#8230;&#8230;&#8230;.. im kleinsten Eimer<\/strong><\/h3>\n<p><!--more--><\/p>\n<p>Unsere kleine <strong>Iditha<\/strong>, als sie bei uns eingezogen ist hat sie unser ganzes Leben zum positiven ver\u00e4ndert. Sie st\u00fcrmte wie ein Wirbelwind in unser Leben und ist nicht mehr wegzudenken.<\/p>\n<p>Sie hat uns verzaubert, bezaubert und bringt uns zum lachen und wenn sie uns anschnurrt, dann geht die Sonne auf. Auch wenn sie jetzt als Kastratin doch etwas aus der &#8222;Form&#8220; geraten ist, sie ist nach wie vor <strong>unser Torpedo, unser Schn\u00e4uzelchen, unser kleiner Sonnenschein<\/strong> :-)<\/p>\n<p>Sie hat nur einen wirklichen Spleen, sie liebt alles was eng und klein ist, kleine Kartons, kleine Boxen und ja, kleine Eimer und die in allen Gr\u00f6\u00dfen und Farben. Eimer sind f\u00fcr sie so ziemlich das Gr\u00f6\u00dfte.<\/p>\n<p>So war sie auch total begeistert von dem <strong>kleinen roten Eimerchen<\/strong> aber seht selbst :-)<\/p>\n<p>&nbsp;<\/p>\n<p style=\"text-align: center;\"><a href=\"https:\/\/i0.wp.com\/www.vom-taubertal.de\/blog\/wp-content\/uploads\/2014\/01\/01Iditah.jpg?quality=100&#038;ssl=1\"><img data-recalc-dims=\"1\" loading=\"lazy\" decoding=\"async\" class=\"aligncenter size-full wp-image-4199\" src=\"https:\/\/i0.wp.com\/www.vom-taubertal.de\/blog\/wp-content\/uploads\/2014\/01\/01Iditah.jpg?resize=350%2C315&#038;quality=100&#038;ssl=1\" alt=\"Fotostory\" height=\"315\" width=\"350\" srcset=\"https:\/\/i0.wp.com\/www.vom-taubertal.de\/blog\/wp-content\/uploads\/2014\/01\/01Iditah.jpg?w=350&amp;quality=100&amp;ssl=1 350w, https:\/\/i0.wp.com\/www.vom-taubertal.de\/blog\/wp-content\/uploads\/2014\/01\/01Iditah.jpg?resize=300%2C270&amp;quality=100&amp;ssl=1 300w, https:\/\/i0.wp.com\/www.vom-taubertal.de\/blog\/wp-content\/uploads\/2014\/01\/01Iditah.jpg?resize=200%2C180&amp;quality=100&amp;ssl=1 200w\" sizes=\"auto, (max-width: 350px) 100vw, 350px\" \/><\/a><a href=\"https:\/\/i0.wp.com\/www.vom-taubertal.de\/blog\/wp-content\/uploads\/2014\/01\/02Iditah.jpg?quality=100&#038;ssl=1\"><img data-recalc-dims=\"1\" loading=\"lazy\" decoding=\"async\" class=\"aligncenter size-full wp-image-4200\" src=\"https:\/\/i0.wp.com\/www.vom-taubertal.de\/blog\/wp-content\/uploads\/2014\/01\/02Iditah.jpg?resize=350%2C315&#038;quality=100&#038;ssl=1\" alt=\"Fotostory\" height=\"315\" width=\"350\" srcset=\"https:\/\/i0.wp.com\/www.vom-taubertal.de\/blog\/wp-content\/uploads\/2014\/01\/02Iditah.jpg?w=350&amp;quality=100&amp;ssl=1 350w, https:\/\/i0.wp.com\/www.vom-taubertal.de\/blog\/wp-content\/uploads\/2014\/01\/02Iditah.jpg?resize=300%2C270&amp;quality=100&amp;ssl=1 300w, https:\/\/i0.wp.com\/www.vom-taubertal.de\/blog\/wp-content\/uploads\/2014\/01\/02Iditah.jpg?resize=200%2C180&amp;quality=100&amp;ssl=1 200w\" sizes=\"auto, (max-width: 350px) 100vw, 350px\" \/><\/a><\/p>\n<p><a href=\"https:\/\/i0.wp.com\/www.vom-taubertal.de\/blog\/wp-content\/uploads\/2014\/01\/03Iditah.jpg?quality=100&#038;ssl=1\"><img data-recalc-dims=\"1\" loading=\"lazy\" decoding=\"async\" class=\"aligncenter size-full wp-image-4201\" src=\"https:\/\/i0.wp.com\/www.vom-taubertal.de\/blog\/wp-content\/uploads\/2014\/01\/03Iditah.jpg?resize=350%2C315&#038;quality=100&#038;ssl=1\" alt=\"03Iditah\" height=\"315\" width=\"350\" srcset=\"https:\/\/i0.wp.com\/www.vom-taubertal.de\/blog\/wp-content\/uploads\/2014\/01\/03Iditah.jpg?w=350&amp;quality=100&amp;ssl=1 350w, https:\/\/i0.wp.com\/www.vom-taubertal.de\/blog\/wp-content\/uploads\/2014\/01\/03Iditah.jpg?resize=300%2C270&amp;quality=100&amp;ssl=1 300w, https:\/\/i0.wp.com\/www.vom-taubertal.de\/blog\/wp-content\/uploads\/2014\/01\/03Iditah.jpg?resize=200%2C180&amp;quality=100&amp;ssl=1 200w\" sizes=\"auto, (max-width: 350px) 100vw, 350px\" \/><\/a><a href=\"https:\/\/i0.wp.com\/www.vom-taubertal.de\/blog\/wp-content\/uploads\/2014\/01\/04Iditah.jpg?quality=100&#038;ssl=1\"><img data-recalc-dims=\"1\" loading=\"lazy\" decoding=\"async\" class=\"aligncenter size-full wp-image-4202\" src=\"https:\/\/i0.wp.com\/www.vom-taubertal.de\/blog\/wp-content\/uploads\/2014\/01\/04Iditah.jpg?resize=350%2C315&#038;quality=100&#038;ssl=1\" alt=\"04Iditah\" height=\"315\" width=\"350\" srcset=\"https:\/\/i0.wp.com\/www.vom-taubertal.de\/blog\/wp-content\/uploads\/2014\/01\/04Iditah.jpg?w=350&amp;quality=100&amp;ssl=1 350w, https:\/\/i0.wp.com\/www.vom-taubertal.de\/blog\/wp-content\/uploads\/2014\/01\/04Iditah.jpg?resize=300%2C270&amp;quality=100&amp;ssl=1 300w, https:\/\/i0.wp.com\/www.vom-taubertal.de\/blog\/wp-content\/uploads\/2014\/01\/04Iditah.jpg?resize=200%2C180&amp;quality=100&amp;ssl=1 200w\" sizes=\"auto, (max-width: 350px) 100vw, 350px\" \/><\/a><a href=\"https:\/\/i0.wp.com\/www.vom-taubertal.de\/blog\/wp-content\/uploads\/2014\/01\/05Iditah.jpg?quality=100&#038;ssl=1\"><img data-recalc-dims=\"1\" loading=\"lazy\" decoding=\"async\" class=\"aligncenter size-full wp-image-4203\" src=\"https:\/\/i0.wp.com\/www.vom-taubertal.de\/blog\/wp-content\/uploads\/2014\/01\/05Iditah.jpg?resize=350%2C315&#038;quality=100&#038;ssl=1\" alt=\"05Iditah\" height=\"315\" width=\"350\" srcset=\"https:\/\/i0.wp.com\/www.vom-taubertal.de\/blog\/wp-content\/uploads\/2014\/01\/05Iditah.jpg?w=350&amp;quality=100&amp;ssl=1 350w, https:\/\/i0.wp.com\/www.vom-taubertal.de\/blog\/wp-content\/uploads\/2014\/01\/05Iditah.jpg?resize=300%2C270&amp;quality=100&amp;ssl=1 300w, https:\/\/i0.wp.com\/www.vom-taubertal.de\/blog\/wp-content\/uploads\/2014\/01\/05Iditah.jpg?resize=200%2C180&amp;quality=100&amp;ssl=1 200w\" sizes=\"auto, (max-width: 350px) 100vw, 350px\" \/><\/a><\/p>\n<p><a title=\"Xantara - Online-Shop\" href=\"http:\/\/74aa61fa.xantara-partner.eu\/de\" target=\"_blank\"><img data-recalc-dims=\"1\" loading=\"lazy\" decoding=\"async\" class=\"aligncenter size-full wp-image-1921\" src=\"https:\/\/i0.wp.com\/www.vom-taubertal.de\/blog\/wp-content\/uploads\/2013\/03\/Xantara_Banner_01.jpg?resize=486%2C70&#038;quality=100&#038;ssl=1\" alt=\"Xantara Katzenfutter\" height=\"70\" width=\"486\"><\/a><\/p>\n","protected":false},"excerpt":{"rendered":"<p>&#8230;&#8230;&#8230;.. im kleinsten Eimer<\/p>\n","protected":false},"author":1,"featured_media":0,"comment_status":"closed","ping_status":"open","sticky":false,"template":"","format":"standard","meta":{"colormag_page_container_layout":"default_layout","colormag_page_sidebar_layout":"default_layout","sfsi_plus_gutenberg_text_before_share":"","sfsi_plus_gutenberg_show_text_before_share":"","sfsi_plus_gutenberg_icon_type":"","sfsi_plus_gutenberg_icon_alignemt":"","sfsi_plus_gutenburg_max_per_row":"","ngg_post_thumbnail":0,"_jetpack_memberships_contains_paid_content":false,"footnotes":"","jetpack_publicize_message":"","jetpack_publicize_feature_enabled":true,"jetpack_social_post_already_shared":false,"jetpack_social_options":{"image_generator_settings":{"template":"highway","default_image_id":0,"font":"","enabled":false},"version":2},"_wpas_customize_per_network":false},"categories":[1,602],"tags":[498,481,111,21,209,17,242,10,112,19],"class_list":["post-4198","post","type-post","status-publish","format-standard","hentry","category-allgemein-katzen-perserkatzen-taubertalperser","category-cattery-katzenzucht-perserkatzen-taubertalperser-kuschelperser","tag-fotostory","tag-hobbyzucht","tag-katzchen","tag-katzen","tag-kitten","tag-kuschelperser","tag-kuschelperser-mit-naschen","tag-perser","tag-perser-mit-nase","tag-perser-vom-taubertal"],"yoast_head":"<!-- This site is optimized with the Yoast SEO plugin v27.5 - https:\/\/yoast.com\/product\/yoast-seo-wordpress\/ -->\n<title>Fotostory - Perser vom Taubertal - Taubertalperser<\/title>\n<meta name=\"description\" content=\"Fotostory: Platz ist im Eimer Klein-Iditha, Iditha......oder auch doch nicht. Die Perser mit N\u00e4schen aus Niederstetten informieren.\" \/>\n<meta name=\"robots\" content=\"index, follow, max-snippet:-1, max-image-preview:large, max-video-preview:-1\" \/>\n<link rel=\"canonical\" href=\"https:\/\/www.vom-taubertal.de\/blog\/fotostory\/\" \/>\n<meta property=\"og:locale\" content=\"de_DE\" \/>\n<meta property=\"og:type\" content=\"article\" \/>\n<meta property=\"og:title\" content=\"Fotostory - Perser vom Taubertal - Taubertalperser\" \/>\n<meta property=\"og:description\" content=\"Fotostory: Platz ist im Eimer Klein-Iditha, Iditha......oder auch doch nicht. Die Perser mit N\u00e4schen aus Niederstetten informieren.\" \/>\n<meta property=\"og:url\" content=\"https:\/\/www.vom-taubertal.de\/blog\/fotostory\/\" \/>\n<meta property=\"og:site_name\" content=\"Die Taubertalperser\" \/>\n<meta property=\"article:published_time\" content=\"2014-01-05T16:44:12+00:00\" \/>\n<meta property=\"article:modified_time\" content=\"2016-12-02T09:47:08+00:00\" \/>\n<meta property=\"og:image\" content=\"https:\/\/www.vom-taubertal.de\/blog\/wp-content\/uploads\/2013\/09\/iditha.jpg\" \/>\n\t<meta property=\"og:image:width\" content=\"350\" \/>\n\t<meta property=\"og:image:height\" content=\"265\" \/>\n\t<meta property=\"og:image:type\" content=\"image\/jpeg\" \/>\n<meta name=\"author\" content=\"afrank\" \/>\n<meta name=\"twitter:label1\" content=\"Verfasst von\" \/>\n\t<meta name=\"twitter:data1\" content=\"afrank\" \/>\n\t<meta name=\"twitter:label2\" content=\"Gesch\u00e4tzte Lesezeit\" \/>\n\t<meta name=\"twitter:data2\" content=\"1\u00a0Minute\" \/>\n<script type=\"application\/ld+json\" class=\"yoast-schema-graph\">{\"@context\":\"https:\\\/\\\/schema.org\",\"@graph\":[{\"@type\":\"Article\",\"@id\":\"https:\\\/\\\/www.vom-taubertal.de\\\/blog\\\/fotostory\\\/#article\",\"isPartOf\":{\"@id\":\"https:\\\/\\\/www.vom-taubertal.de\\\/blog\\\/fotostory\\\/\"},\"author\":{\"name\":\"afrank\",\"@id\":\"https:\\\/\\\/www.vom-taubertal.de\\\/blog\\\/#\\\/schema\\\/person\\\/368654e092f5785df440fe834ecc3049\"},\"headline\":\"Fotostory: Platz ist im&#8230;.\",\"datePublished\":\"2014-01-05T16:44:12+00:00\",\"dateModified\":\"2016-12-02T09:47:08+00:00\",\"mainEntityOfPage\":{\"@id\":\"https:\\\/\\\/www.vom-taubertal.de\\\/blog\\\/fotostory\\\/\"},\"wordCount\":142,\"publisher\":{\"@id\":\"https:\\\/\\\/www.vom-taubertal.de\\\/blog\\\/#\\\/schema\\\/person\\\/368654e092f5785df440fe834ecc3049\"},\"image\":{\"@id\":\"https:\\\/\\\/www.vom-taubertal.de\\\/blog\\\/fotostory\\\/#primaryimage\"},\"thumbnailUrl\":\"https:\\\/\\\/www.vom-taubertal.de\\\/blog\\\/wp-content\\\/uploads\\\/2014\\\/01\\\/01Iditah.jpg\",\"keywords\":[\"Fotostory\",\"Hobbyzucht\",\"K\u00e4tzchen\",\"Katzen\",\"Kitten\",\"Kuschelperser\",\"Kuschelperser mit N\u00e4schen\",\"Perser\",\"Perser mit Nase\",\"Perser vom Taubertal\"],\"articleSection\":{\"1\":\"Cattery\"},\"inLanguage\":\"de\"},{\"@type\":\"WebPage\",\"@id\":\"https:\\\/\\\/www.vom-taubertal.de\\\/blog\\\/fotostory\\\/\",\"url\":\"https:\\\/\\\/www.vom-taubertal.de\\\/blog\\\/fotostory\\\/\",\"name\":\"Fotostory - Perser vom Taubertal - Taubertalperser\",\"isPartOf\":{\"@id\":\"https:\\\/\\\/www.vom-taubertal.de\\\/blog\\\/#website\"},\"primaryImageOfPage\":{\"@id\":\"https:\\\/\\\/www.vom-taubertal.de\\\/blog\\\/fotostory\\\/#primaryimage\"},\"image\":{\"@id\":\"https:\\\/\\\/www.vom-taubertal.de\\\/blog\\\/fotostory\\\/#primaryimage\"},\"thumbnailUrl\":\"https:\\\/\\\/www.vom-taubertal.de\\\/blog\\\/wp-content\\\/uploads\\\/2014\\\/01\\\/01Iditah.jpg\",\"datePublished\":\"2014-01-05T16:44:12+00:00\",\"dateModified\":\"2016-12-02T09:47:08+00:00\",\"description\":\"Fotostory: Platz ist im Eimer Klein-Iditha, Iditha......oder auch doch nicht. Die Perser mit N\u00e4schen aus Niederstetten informieren.\",\"breadcrumb\":{\"@id\":\"https:\\\/\\\/www.vom-taubertal.de\\\/blog\\\/fotostory\\\/#breadcrumb\"},\"inLanguage\":\"de\",\"potentialAction\":[{\"@type\":\"ReadAction\",\"target\":[\"https:\\\/\\\/www.vom-taubertal.de\\\/blog\\\/fotostory\\\/\"]}]},{\"@type\":\"ImageObject\",\"inLanguage\":\"de\",\"@id\":\"https:\\\/\\\/www.vom-taubertal.de\\\/blog\\\/fotostory\\\/#primaryimage\",\"url\":\"https:\\\/\\\/i0.wp.com\\\/www.vom-taubertal.de\\\/blog\\\/wp-content\\\/uploads\\\/2014\\\/01\\\/01Iditah.jpg?fit=350%2C315&quality=100&ssl=1\",\"contentUrl\":\"https:\\\/\\\/i0.wp.com\\\/www.vom-taubertal.de\\\/blog\\\/wp-content\\\/uploads\\\/2014\\\/01\\\/01Iditah.jpg?fit=350%2C315&quality=100&ssl=1\",\"width\":350,\"height\":315},{\"@type\":\"BreadcrumbList\",\"@id\":\"https:\\\/\\\/www.vom-taubertal.de\\\/blog\\\/fotostory\\\/#breadcrumb\",\"itemListElement\":[{\"@type\":\"ListItem\",\"position\":1,\"name\":\"Home\",\"item\":\"https:\\\/\\\/www.vom-taubertal.de\\\/blog\\\/\"},{\"@type\":\"ListItem\",\"position\":2,\"name\":\"Fotostory: Platz ist im&#8230;.\"}]},{\"@type\":\"WebSite\",\"@id\":\"https:\\\/\\\/www.vom-taubertal.de\\\/blog\\\/#website\",\"url\":\"https:\\\/\\\/www.vom-taubertal.de\\\/blog\\\/\",\"name\":\"Die Taubertalperser\",\"description\":\"Alles \u00fcber und f\u00fcr Katzen \",\"publisher\":{\"@id\":\"https:\\\/\\\/www.vom-taubertal.de\\\/blog\\\/#\\\/schema\\\/person\\\/368654e092f5785df440fe834ecc3049\"},\"potentialAction\":[{\"@type\":\"SearchAction\",\"target\":{\"@type\":\"EntryPoint\",\"urlTemplate\":\"https:\\\/\\\/www.vom-taubertal.de\\\/blog\\\/?s={search_term_string}\"},\"query-input\":{\"@type\":\"PropertyValueSpecification\",\"valueRequired\":true,\"valueName\":\"search_term_string\"}}],\"inLanguage\":\"de\"},{\"@type\":[\"Person\",\"Organization\"],\"@id\":\"https:\\\/\\\/www.vom-taubertal.de\\\/blog\\\/#\\\/schema\\\/person\\\/368654e092f5785df440fe834ecc3049\",\"name\":\"afrank\",\"image\":{\"@type\":\"ImageObject\",\"inLanguage\":\"de\",\"@id\":\"https:\\\/\\\/www.vom-taubertal.de\\\/blog\\\/wp-content\\\/uploads\\\/2019\\\/03\\\/Andrea_Dividi_02.jpg\",\"url\":\"https:\\\/\\\/www.vom-taubertal.de\\\/blog\\\/wp-content\\\/uploads\\\/2019\\\/03\\\/Andrea_Dividi_02.jpg\",\"contentUrl\":\"https:\\\/\\\/www.vom-taubertal.de\\\/blog\\\/wp-content\\\/uploads\\\/2019\\\/03\\\/Andrea_Dividi_02.jpg\",\"width\":653,\"height\":800,\"caption\":\"afrank\"},\"logo\":{\"@id\":\"https:\\\/\\\/www.vom-taubertal.de\\\/blog\\\/wp-content\\\/uploads\\\/2019\\\/03\\\/Andrea_Dividi_02.jpg\"}}]}<\/script>\n<!-- \/ Yoast SEO plugin. -->","yoast_head_json":{"title":"Fotostory - Perser vom Taubertal - Taubertalperser","description":"Fotostory: Platz ist im Eimer Klein-Iditha, Iditha......oder auch doch nicht. Die Perser mit N\u00e4schen aus Niederstetten informieren.","robots":{"index":"index","follow":"follow","max-snippet":"max-snippet:-1","max-image-preview":"max-image-preview:large","max-video-preview":"max-video-preview:-1"},"canonical":"https:\/\/www.vom-taubertal.de\/blog\/fotostory\/","og_locale":"de_DE","og_type":"article","og_title":"Fotostory - Perser vom Taubertal - Taubertalperser","og_description":"Fotostory: Platz ist im Eimer Klein-Iditha, Iditha......oder auch doch nicht. Die Perser mit N\u00e4schen aus Niederstetten informieren.","og_url":"https:\/\/www.vom-taubertal.de\/blog\/fotostory\/","og_site_name":"Die Taubertalperser","article_published_time":"2014-01-05T16:44:12+00:00","article_modified_time":"2016-12-02T09:47:08+00:00","og_image":[{"width":350,"height":265,"url":"https:\/\/www.vom-taubertal.de\/blog\/wp-content\/uploads\/2013\/09\/iditha.jpg","type":"image\/jpeg"}],"author":"afrank","twitter_misc":{"Verfasst von":"afrank","Gesch\u00e4tzte Lesezeit":"1\u00a0Minute"},"schema":{"@context":"https:\/\/schema.org","@graph":[{"@type":"Article","@id":"https:\/\/www.vom-taubertal.de\/blog\/fotostory\/#article","isPartOf":{"@id":"https:\/\/www.vom-taubertal.de\/blog\/fotostory\/"},"author":{"name":"afrank","@id":"https:\/\/www.vom-taubertal.de\/blog\/#\/schema\/person\/368654e092f5785df440fe834ecc3049"},"headline":"Fotostory: Platz ist im&#8230;.","datePublished":"2014-01-05T16:44:12+00:00","dateModified":"2016-12-02T09:47:08+00:00","mainEntityOfPage":{"@id":"https:\/\/www.vom-taubertal.de\/blog\/fotostory\/"},"wordCount":142,"publisher":{"@id":"https:\/\/www.vom-taubertal.de\/blog\/#\/schema\/person\/368654e092f5785df440fe834ecc3049"},"image":{"@id":"https:\/\/www.vom-taubertal.de\/blog\/fotostory\/#primaryimage"},"thumbnailUrl":"https:\/\/www.vom-taubertal.de\/blog\/wp-content\/uploads\/2014\/01\/01Iditah.jpg","keywords":["Fotostory","Hobbyzucht","K\u00e4tzchen","Katzen","Kitten","Kuschelperser","Kuschelperser mit N\u00e4schen","Perser","Perser mit Nase","Perser vom Taubertal"],"articleSection":{"1":"Cattery"},"inLanguage":"de"},{"@type":"WebPage","@id":"https:\/\/www.vom-taubertal.de\/blog\/fotostory\/","url":"https:\/\/www.vom-taubertal.de\/blog\/fotostory\/","name":"Fotostory - Perser vom Taubertal - Taubertalperser","isPartOf":{"@id":"https:\/\/www.vom-taubertal.de\/blog\/#website"},"primaryImageOfPage":{"@id":"https:\/\/www.vom-taubertal.de\/blog\/fotostory\/#primaryimage"},"image":{"@id":"https:\/\/www.vom-taubertal.de\/blog\/fotostory\/#primaryimage"},"thumbnailUrl":"https:\/\/www.vom-taubertal.de\/blog\/wp-content\/uploads\/2014\/01\/01Iditah.jpg","datePublished":"2014-01-05T16:44:12+00:00","dateModified":"2016-12-02T09:47:08+00:00","description":"Fotostory: Platz ist im Eimer Klein-Iditha, Iditha......oder auch doch nicht. Die Perser mit N\u00e4schen aus Niederstetten informieren.","breadcrumb":{"@id":"https:\/\/www.vom-taubertal.de\/blog\/fotostory\/#breadcrumb"},"inLanguage":"de","potentialAction":[{"@type":"ReadAction","target":["https:\/\/www.vom-taubertal.de\/blog\/fotostory\/"]}]},{"@type":"ImageObject","inLanguage":"de","@id":"https:\/\/www.vom-taubertal.de\/blog\/fotostory\/#primaryimage","url":"https:\/\/i0.wp.com\/www.vom-taubertal.de\/blog\/wp-content\/uploads\/2014\/01\/01Iditah.jpg?fit=350%2C315&quality=100&ssl=1","contentUrl":"https:\/\/i0.wp.com\/www.vom-taubertal.de\/blog\/wp-content\/uploads\/2014\/01\/01Iditah.jpg?fit=350%2C315&quality=100&ssl=1","width":350,"height":315},{"@type":"BreadcrumbList","@id":"https:\/\/www.vom-taubertal.de\/blog\/fotostory\/#breadcrumb","itemListElement":[{"@type":"ListItem","position":1,"name":"Home","item":"https:\/\/www.vom-taubertal.de\/blog\/"},{"@type":"ListItem","position":2,"name":"Fotostory: Platz ist im&#8230;."}]},{"@type":"WebSite","@id":"https:\/\/www.vom-taubertal.de\/blog\/#website","url":"https:\/\/www.vom-taubertal.de\/blog\/","name":"Die Taubertalperser","description":"Alles \u00fcber und f\u00fcr Katzen ","publisher":{"@id":"https:\/\/www.vom-taubertal.de\/blog\/#\/schema\/person\/368654e092f5785df440fe834ecc3049"},"potentialAction":[{"@type":"SearchAction","target":{"@type":"EntryPoint","urlTemplate":"https:\/\/www.vom-taubertal.de\/blog\/?s={search_term_string}"},"query-input":{"@type":"PropertyValueSpecification","valueRequired":true,"valueName":"search_term_string"}}],"inLanguage":"de"},{"@type":["Person","Organization"],"@id":"https:\/\/www.vom-taubertal.de\/blog\/#\/schema\/person\/368654e092f5785df440fe834ecc3049","name":"afrank","image":{"@type":"ImageObject","inLanguage":"de","@id":"https:\/\/www.vom-taubertal.de\/blog\/wp-content\/uploads\/2019\/03\/Andrea_Dividi_02.jpg","url":"https:\/\/www.vom-taubertal.de\/blog\/wp-content\/uploads\/2019\/03\/Andrea_Dividi_02.jpg","contentUrl":"https:\/\/www.vom-taubertal.de\/blog\/wp-content\/uploads\/2019\/03\/Andrea_Dividi_02.jpg","width":653,"height":800,"caption":"afrank"},"logo":{"@id":"https:\/\/www.vom-taubertal.de\/blog\/wp-content\/uploads\/2019\/03\/Andrea_Dividi_02.jpg"}}]}},"jetpack_publicize_connections":[],"jetpack_featured_media_url":"","jetpack_sharing_enabled":true,"_links":{"self":[{"href":"https:\/\/www.vom-taubertal.de\/blog\/wp-json\/wp\/v2\/posts\/4198","targetHints":{"allow":["GET"]}}],"collection":[{"href":"https:\/\/www.vom-taubertal.de\/blog\/wp-json\/wp\/v2\/posts"}],"about":[{"href":"https:\/\/www.vom-taubertal.de\/blog\/wp-json\/wp\/v2\/types\/post"}],"author":[{"embeddable":true,"href":"https:\/\/www.vom-taubertal.de\/blog\/wp-json\/wp\/v2\/users\/1"}],"replies":[{"embeddable":true,"href":"https:\/\/www.vom-taubertal.de\/blog\/wp-json\/wp\/v2\/comments?post=4198"}],"version-history":[{"count":8,"href":"https:\/\/www.vom-taubertal.de\/blog\/wp-json\/wp\/v2\/posts\/4198\/revisions"}],"predecessor-version":[{"id":16370,"href":"https:\/\/www.vom-taubertal.de\/blog\/wp-json\/wp\/v2\/posts\/4198\/revisions\/16370"}],"wp:attachment":[{"href":"https:\/\/www.vom-taubertal.de\/blog\/wp-json\/wp\/v2\/media?parent=4198"}],"wp:term":[{"taxonomy":"category","embeddable":true,"href":"https:\/\/www.vom-taubertal.de\/blog\/wp-json\/wp\/v2\/categories?post=4198"},{"taxonomy":"post_tag","embeddable":true,"href":"https:\/\/www.vom-taubertal.de\/blog\/wp-json\/wp\/v2\/tags?post=4198"}],"curies":[{"name":"wp","href":"https:\/\/api.w.org\/{rel}","templated":true}]}}