{"id":44010,"date":"2026-03-04T16:00:31","date_gmt":"2026-03-04T14:00:31","guid":{"rendered":"https:\/\/www.vom-taubertal.de\/blog\/?p=44010"},"modified":"2026-04-18T15:49:33","modified_gmt":"2026-04-18T13:49:33","slug":"warum-katzen-im-fruehling-am-fenster-sitzen-erklaert-von-brummhummelchen","status":"publish","type":"post","link":"https:\/\/www.vom-taubertal.de\/blog\/warum-katzen-im-fruehling-am-fenster-sitzen-erklaert-von-brummhummelchen\/","title":{"rendered":"Was dein Stubentiger dir nicht sagt"},"content":{"rendered":"<h1>Fr\u00fchling: Endlich wieder Fenster auf \u2013 ich rieche 37 neue Dinge!<\/h1>\n<p><!--more--><\/p>\n<p>Ein olfaktorisches Fest zwischen Neugier, Nostalgie und leichtem Kontrollwahn<\/p>\n<p>Liebe Unbefellte,<\/p>\n<p>du \u00f6ffnest das Fenster. Die Sonne scheint. Die Luft ist mild.<br \/>\nDu atmest tief ein und sagst: \u201eAch, wie sch\u00f6n der Fr\u00fchling ist.\u201c<br \/>\nIch sitze daneben, meine Nase zuckt, meine Ohren rotieren.<br \/>\nDenn du riechst vielleicht drei Dinge.<br \/>\nIch rieche siebenunddrei\u00dfig. Mindestens.<\/p>\n<h2>Meine Nase ist ein Hochleistungsorgan<\/h2>\n<p>Katzen haben rund <strong>200 Millionen Geruchsrezeptoren<\/strong> \u2013 du hast etwa f\u00fcnf Millionen.<br \/>\nWenn du sagst \u201eEs riecht nach Blumen\u201c, sage ich:<\/p>\n<p>\u201eEs riecht nach Tulpen, nach dem Nachbarn, nach dem Hund von gegen\u00fcber, nach dem Wind, der \u00fcber das Feld kam, nach dem Grill, der gestern benutzt wurde, und nach dem Vogel, der gerade vorbeiflog.\u201c<\/p>\n<p>Ich bin kein Schn\u00fcffler. Ich bin ein Sensor.<br \/>\nUnd jeder Duft ist f\u00fcr mich ein Kapitel in einem unsichtbaren Buch.<\/p>\n<h2><img data-recalc-dims=\"1\" loading=\"lazy\" decoding=\"async\" class=\"aligncenter size-full wp-image-42649\" src=\"https:\/\/i0.wp.com\/www.vom-taubertal.de\/blog\/wp-content\/uploads\/2025\/08\/08.jpg?resize=800%2C533&#038;quality=100&#038;ssl=1\" alt=\"\" width=\"800\" height=\"533\" srcset=\"https:\/\/i0.wp.com\/www.vom-taubertal.de\/blog\/wp-content\/uploads\/2025\/08\/08.jpg?w=800&amp;quality=100&amp;ssl=1 800w, https:\/\/i0.wp.com\/www.vom-taubertal.de\/blog\/wp-content\/uploads\/2025\/08\/08.jpg?resize=300%2C200&amp;quality=100&amp;ssl=1 300w, https:\/\/i0.wp.com\/www.vom-taubertal.de\/blog\/wp-content\/uploads\/2025\/08\/08.jpg?resize=768%2C512&amp;quality=100&amp;ssl=1 768w\" sizes=\"auto, (max-width: 800px) 100vw, 800px\" \/>Der Fr\u00fchling ist mein olfaktorisches Abenteuerland<\/h2>\n<p>Jede Jahreszeit hat ihren Duft \u2013 aber der Fr\u00fchling ist ein Fest.<br \/>\nDie Erde riecht anders. Die Luft ist voller Geschichten.<br \/>\nIch sitze am Fenster und lese sie alle.<br \/>\nDu siehst eine Stra\u00dfe. Ich sehe ein Duftgedicht.<br \/>\nF\u00fcr dich ist es Alltag. F\u00fcr mich ist es ein Abenteuer.<\/p>\n<h2>Ich verarbeite, sortiere, speichere<\/h2>\n<p>Ich rieche nicht nur \u2013 ich analysiere.<br \/>\nWas ist neu? Was ist vertraut? Was ist potenziell gef\u00e4hrlich?<br \/>\nIch bin kein Tr\u00e4umer. Ich bin ein Datenarchiv mit Schnurrhaaren.<br \/>\nUnd wenn ich die Nase hebe, dann nicht aus Langeweile \u2013 sondern weil ich gerade eine ganze Bibliothek von Ger\u00fcchen katalogisiere.<\/p>\n<h2>Ich kontrolliere mein Revier \u2013 durch die Nase<\/h2>\n<p>Wenn das Fenster offen ist, ver\u00e4ndert sich mein Territorium.<br \/>\nNeue Ger\u00fcche bedeuten neue Besucher, neue Bewegungen, neue Herausforderungen.<br \/>\nIch sitze da, scheinbar entspannt \u2013 aber innerlich bin ich im Modus \u201eGrenzschutz mit Stil\u201c.<br \/>\nDenn mein Revier endet nicht an der Fensterbank \u2013 es reicht so weit, wie meine Nase riechen kann.<\/p>\n<h2>Fazit<\/h2>\n<p>Der Fr\u00fchling ist f\u00fcr dich ein Neuanfang.<br \/>\nF\u00fcr mich ist er ein olfaktorisches Spektakel, ein Duftkonzert, ein sensorisches Abenteuer.<br \/>\nDu kannst das Fenster \u00f6ffnen \u2013 aber ich bin es, der wirklich hinausgeht.<br \/>\nMit der Nase. Mit dem Herzen.<br \/>\nUnd mit der stillen Gewissheit:<br \/>\nIch rieche mehr als du. Und ich genie\u00dfe es.<\/p>\n<p>Eure <strong>C.O. alias Brummhummelchen<\/strong>&nbsp;<\/p>\n<h2>FAQ aus Katzensicht<\/h2>\n<ol>\n<li><strong> Warum sitzt du im Fr\u00fchling so oft am Fenster?<\/strong><br \/>\nWeil dort die Welt zu mir kommt \u2013 in Form von D\u00fcften.<\/li>\n<li><strong> Riechst du wirklich mehr als ich?<\/strong><br \/>\nJa. Mit 200 Millionen Rezeptoren bin ich ein Hochleistungsorgan.<\/li>\n<li><strong> Bedeutet das, du kontrollierst dein Revier durch Ger\u00fcche?<\/strong><br \/>\nNat\u00fcrlich. Jeder Duft ist eine Information \u00fcber mein Territorium.<\/li>\n<li><strong> Ist das f\u00fcr dich nur Spa\u00df?<\/strong><br \/>\nNein. Es ist Analyse, Kontrolle und Abenteuer zugleich.<\/li>\n<li><strong> Warum ist der Fr\u00fchling f\u00fcr dich besonders?<\/strong><br \/>\nWeil die Luft voller neuer Geschichten ist \u2013 ein olfaktorisches Fest.<\/li>\n<li><strong> Kann ich deine Ger\u00fcche nachvollziehen?<\/strong><br \/>\nNein. Aber du kannst mich beobachten, wenn ich sie verarbeite.<\/li>\n<li><strong> Was bedeutet dein Blick dabei?<\/strong><br \/>\nDass ich dich einlade, Teil meines Duftkonzerts zu sein \u2013 auch wenn du es nie ganz verstehen wirst.<\/li>\n<\/ol>\n<p><a href=\"https:\/\/amzn.to\/3QjlKd5\" target=\"_blank\" rel=\"noopener\"><img data-recalc-dims=\"1\" loading=\"lazy\" decoding=\"async\" class=\"aligncenter size-full wp-image-45555\" src=\"https:\/\/i0.wp.com\/www.vom-taubertal.de\/blog\/wp-content\/uploads\/2026\/05\/Buch_Links.jpg?resize=600%2C225&#038;quality=100&#038;ssl=1\" alt=\"Buchtipp\" width=\"600\" height=\"225\" srcset=\"https:\/\/i0.wp.com\/www.vom-taubertal.de\/blog\/wp-content\/uploads\/2026\/05\/Buch_Links.jpg?w=600&amp;quality=100&amp;ssl=1 600w, https:\/\/i0.wp.com\/www.vom-taubertal.de\/blog\/wp-content\/uploads\/2026\/05\/Buch_Links.jpg?resize=300%2C113&amp;quality=100&amp;ssl=1 300w\" sizes=\"auto, (max-width: 600px) 100vw, 600px\" \/><\/a><\/p>\n<hr>\n<p>Hat dir dieser Beitrag gefallen und du m\u00f6chtest auch in der Zukunft keine tollen Tipps zur Katzenhaltung oder interessante Produktempfehlungen verpassen?<br \/>\nAbonniere einfach unseren Blog und erhalte die neuesten Beitr\u00e4ge einfach direkt in den Mailfach.<\/p>\n<p>Gerne darfst du auch unsere Beitr\u00e4ge mit anderen Katzenliebhabern teilen.<\/p>\n<p><script async=\"\" src=\"https:\/\/pagead2.googlesyndication.com\/pagead\/js\/adsbygoogle.js?client=ca-pub-3363977028533397\" crossorigin=\"anonymous\"><\/script><br \/>\n<ins class=\"adsbygoogle\" style=\"display: block;\" data-ad-format=\"autorelaxed\" data-ad-client=\"ca-pub-3363977028533397\" data-ad-slot=\"1497449773\"><\/ins><br \/>\n<script>\n     (adsbygoogle = window.adsbygoogle || []).push({});\n<\/script><br \/>\n<a href=\"https:\/\/www.vom-taubertal.de\/blog\/partner-links-was-ist-das\/\" target=\"_blank\" rel=\"noopener\"><img data-recalc-dims=\"1\" loading=\"lazy\" decoding=\"async\" class=\"aligncenter size-full wp-image-35175\" src=\"https:\/\/i0.wp.com\/www.vom-taubertal.de\/blog\/wp-content\/uploads\/2018\/02\/Partnerlinks.png?resize=350%2C99&#038;quality=100&#038;ssl=1\" alt=\"\" width=\"350\" height=\"99\" srcset=\"https:\/\/i0.wp.com\/www.vom-taubertal.de\/blog\/wp-content\/uploads\/2018\/02\/Partnerlinks.png?w=350&amp;quality=100&amp;ssl=1 350w, https:\/\/i0.wp.com\/www.vom-taubertal.de\/blog\/wp-content\/uploads\/2018\/02\/Partnerlinks.png?resize=300%2C85&amp;quality=100&amp;ssl=1 300w\" sizes=\"auto, (max-width: 350px) 100vw, 350px\" \/><\/a><\/p>\n<p><!-- START ADVERTISER: Pets Deli DE\/AT from awin.com --><\/p>\n<p><a href=\"https:\/\/www.awin1.com\/cread.php?s=3056781&amp;v=22950&amp;q=415746&amp;r=557159\" rel=\"sponsored\"><br \/>\n<img decoding=\"async\" class=\"aligncenter\" src=\"https:\/\/www.awin1.com\/cshow.php?s=3056781&amp;v=22950&amp;q=415746&amp;r=557159\" border=\"0\"><br \/>\n<\/a><\/p>\n","protected":false},"excerpt":{"rendered":"<p>\u201eIm Fr\u00fchling rieche ich nicht nur Blumen \u2013 ich rieche Geschichten, Abenteuer und mein erweitertes Revier.\u201c<\/p>\n","protected":false},"author":1,"featured_media":43607,"comment_status":"open","ping_status":"open","sticky":false,"template":"","format":"standard","meta":{"colormag_page_container_layout":"default_layout","colormag_page_sidebar_layout":"default_layout","sfsi_plus_gutenberg_text_before_share":"","sfsi_plus_gutenberg_show_text_before_share":"","sfsi_plus_gutenberg_icon_type":"","sfsi_plus_gutenberg_icon_alignemt":"","sfsi_plus_gutenburg_max_per_row":"","ngg_post_thumbnail":0,"_jetpack_memberships_contains_paid_content":false,"footnotes":"","jetpack_publicize_message":"","jetpack_publicize_feature_enabled":true,"jetpack_social_post_already_shared":true,"jetpack_social_options":{"image_generator_settings":{"template":"highway","default_image_id":0,"font":"","enabled":false},"version":2},"_wpas_customize_per_network":false},"categories":[1,3766],"tags":[4067,4069,4071,21,4066,4070,1183,496,2213,4072,4068,8,829,1886],"class_list":["post-44010","post","type-post","status-publish","format-standard","has-post-thumbnail","hentry","category-allgemein-katzen-perserkatzen-taubertalperser","category-katzentalk","tag-katze-fenster","tag-katze-geruchssinn","tag-katze-revier-fruehling","tag-katzen","tag-katzen-fruehling","tag-katzen-riechen-mehr","tag-katzenblog","tag-katzenhaltung","tag-katzeninformationsseite","tag-katzensprache-gerueche","tag-katzenverhalten-fruehling","tag-rund-um-die-katz","tag-taubertalperser","tag-unabhaengiger-katzenblog"],"yoast_head":"<!-- This site is optimized with the Yoast SEO plugin v27.5 - https:\/\/yoast.com\/product\/yoast-seo-wordpress\/ -->\n<title>Warum Katzen im Fr\u00fchling am Fenster sitzen \u2013 erkl\u00e4rt von Brummhummelchen<\/title>\n<meta name=\"description\" content=\"Katzen riechen im Fr\u00fchling mehr als wir Menschen. Brummhummelchen erkl\u00e4rt, warum offene Fenster ein olfaktorisches Abenteuer sind.\" \/>\n<meta name=\"robots\" content=\"index, follow, max-snippet:-1, max-image-preview:large, max-video-preview:-1\" \/>\n<link rel=\"canonical\" href=\"https:\/\/www.vom-taubertal.de\/blog\/warum-katzen-im-fruehling-am-fenster-sitzen-erklaert-von-brummhummelchen\/\" \/>\n<meta property=\"og:locale\" content=\"de_DE\" \/>\n<meta property=\"og:type\" content=\"article\" \/>\n<meta property=\"og:title\" content=\"Warum Katzen im Fr\u00fchling am Fenster sitzen \u2013 erkl\u00e4rt von Brummhummelchen\" \/>\n<meta property=\"og:description\" content=\"Katzen riechen im Fr\u00fchling mehr als wir Menschen. Brummhummelchen erkl\u00e4rt, warum offene Fenster ein olfaktorisches Abenteuer sind.\" \/>\n<meta property=\"og:url\" content=\"https:\/\/www.vom-taubertal.de\/blog\/warum-katzen-im-fruehling-am-fenster-sitzen-erklaert-von-brummhummelchen\/\" \/>\n<meta property=\"og:site_name\" content=\"Die Taubertalperser\" \/>\n<meta property=\"article:published_time\" content=\"2026-03-04T14:00:31+00:00\" \/>\n<meta property=\"article:modified_time\" content=\"2026-04-18T13:49:33+00:00\" \/>\n<meta property=\"og:image\" content=\"https:\/\/www.vom-taubertal.de\/blog\/wp-content\/uploads\/2025\/11\/Rede-ich-CO.jpg\" \/>\n\t<meta property=\"og:image:width\" content=\"800\" \/>\n\t<meta property=\"og:image:height\" content=\"300\" \/>\n\t<meta property=\"og:image:type\" content=\"image\/jpeg\" \/>\n<meta name=\"author\" content=\"afrank\" \/>\n<meta name=\"twitter:label1\" content=\"Verfasst von\" \/>\n\t<meta name=\"twitter:data1\" content=\"afrank\" \/>\n\t<meta name=\"twitter:label2\" content=\"Gesch\u00e4tzte Lesezeit\" \/>\n\t<meta name=\"twitter:data2\" content=\"4\u00a0Minuten\" \/>\n<script type=\"application\/ld+json\" class=\"yoast-schema-graph\">{\"@context\":\"https:\\\/\\\/schema.org\",\"@graph\":[{\"@type\":\"Article\",\"@id\":\"https:\\\/\\\/www.vom-taubertal.de\\\/blog\\\/warum-katzen-im-fruehling-am-fenster-sitzen-erklaert-von-brummhummelchen\\\/#article\",\"isPartOf\":{\"@id\":\"https:\\\/\\\/www.vom-taubertal.de\\\/blog\\\/warum-katzen-im-fruehling-am-fenster-sitzen-erklaert-von-brummhummelchen\\\/\"},\"author\":{\"name\":\"afrank\",\"@id\":\"https:\\\/\\\/www.vom-taubertal.de\\\/blog\\\/#\\\/schema\\\/person\\\/368654e092f5785df440fe834ecc3049\"},\"headline\":\"Was dein Stubentiger dir nicht sagt\",\"datePublished\":\"2026-03-04T14:00:31+00:00\",\"dateModified\":\"2026-04-18T13:49:33+00:00\",\"mainEntityOfPage\":{\"@id\":\"https:\\\/\\\/www.vom-taubertal.de\\\/blog\\\/warum-katzen-im-fruehling-am-fenster-sitzen-erklaert-von-brummhummelchen\\\/\"},\"wordCount\":563,\"commentCount\":0,\"publisher\":{\"@id\":\"https:\\\/\\\/www.vom-taubertal.de\\\/blog\\\/#\\\/schema\\\/person\\\/368654e092f5785df440fe834ecc3049\"},\"image\":{\"@id\":\"https:\\\/\\\/www.vom-taubertal.de\\\/blog\\\/warum-katzen-im-fruehling-am-fenster-sitzen-erklaert-von-brummhummelchen\\\/#primaryimage\"},\"thumbnailUrl\":\"https:\\\/\\\/i0.wp.com\\\/www.vom-taubertal.de\\\/blog\\\/wp-content\\\/uploads\\\/2025\\\/11\\\/Rede-ich-CO.jpg?fit=800%2C300&quality=100&ssl=1\",\"keywords\":[\"Katze Fenster\",\"Katze Geruchssinn\",\"Katze Revier Fr\u00fchling\",\"Katzen\",\"Katzen Fr\u00fchling\",\"Katzen riechen mehr\",\"Katzenblog\",\"Katzenhaltung\",\"Katzeninformationsseite\",\"Katzensprache Ger\u00fcche\",\"Katzenverhalten Fr\u00fchling\",\"Rund um die Katz'\",\"Taubertalperser\",\"unabh\u00e4ngiger Katzenblog\"],\"articleSection\":{\"1\":\"Katzentalk\"},\"inLanguage\":\"de\",\"potentialAction\":[{\"@type\":\"CommentAction\",\"name\":\"Comment\",\"target\":[\"https:\\\/\\\/www.vom-taubertal.de\\\/blog\\\/warum-katzen-im-fruehling-am-fenster-sitzen-erklaert-von-brummhummelchen\\\/#respond\"]}]},{\"@type\":\"WebPage\",\"@id\":\"https:\\\/\\\/www.vom-taubertal.de\\\/blog\\\/warum-katzen-im-fruehling-am-fenster-sitzen-erklaert-von-brummhummelchen\\\/\",\"url\":\"https:\\\/\\\/www.vom-taubertal.de\\\/blog\\\/warum-katzen-im-fruehling-am-fenster-sitzen-erklaert-von-brummhummelchen\\\/\",\"name\":\"Warum Katzen im Fr\u00fchling am Fenster sitzen \u2013 erkl\u00e4rt von Brummhummelchen\",\"isPartOf\":{\"@id\":\"https:\\\/\\\/www.vom-taubertal.de\\\/blog\\\/#website\"},\"primaryImageOfPage\":{\"@id\":\"https:\\\/\\\/www.vom-taubertal.de\\\/blog\\\/warum-katzen-im-fruehling-am-fenster-sitzen-erklaert-von-brummhummelchen\\\/#primaryimage\"},\"image\":{\"@id\":\"https:\\\/\\\/www.vom-taubertal.de\\\/blog\\\/warum-katzen-im-fruehling-am-fenster-sitzen-erklaert-von-brummhummelchen\\\/#primaryimage\"},\"thumbnailUrl\":\"https:\\\/\\\/i0.wp.com\\\/www.vom-taubertal.de\\\/blog\\\/wp-content\\\/uploads\\\/2025\\\/11\\\/Rede-ich-CO.jpg?fit=800%2C300&quality=100&ssl=1\",\"datePublished\":\"2026-03-04T14:00:31+00:00\",\"dateModified\":\"2026-04-18T13:49:33+00:00\",\"description\":\"Katzen riechen im Fr\u00fchling mehr als wir Menschen. Brummhummelchen erkl\u00e4rt, warum offene Fenster ein olfaktorisches Abenteuer sind.\",\"breadcrumb\":{\"@id\":\"https:\\\/\\\/www.vom-taubertal.de\\\/blog\\\/warum-katzen-im-fruehling-am-fenster-sitzen-erklaert-von-brummhummelchen\\\/#breadcrumb\"},\"inLanguage\":\"de\",\"potentialAction\":[{\"@type\":\"ReadAction\",\"target\":[\"https:\\\/\\\/www.vom-taubertal.de\\\/blog\\\/warum-katzen-im-fruehling-am-fenster-sitzen-erklaert-von-brummhummelchen\\\/\"]}]},{\"@type\":\"ImageObject\",\"inLanguage\":\"de\",\"@id\":\"https:\\\/\\\/www.vom-taubertal.de\\\/blog\\\/warum-katzen-im-fruehling-am-fenster-sitzen-erklaert-von-brummhummelchen\\\/#primaryimage\",\"url\":\"https:\\\/\\\/i0.wp.com\\\/www.vom-taubertal.de\\\/blog\\\/wp-content\\\/uploads\\\/2025\\\/11\\\/Rede-ich-CO.jpg?fit=800%2C300&quality=100&ssl=1\",\"contentUrl\":\"https:\\\/\\\/i0.wp.com\\\/www.vom-taubertal.de\\\/blog\\\/wp-content\\\/uploads\\\/2025\\\/11\\\/Rede-ich-CO.jpg?fit=800%2C300&quality=100&ssl=1\",\"width\":800,\"height\":300},{\"@type\":\"BreadcrumbList\",\"@id\":\"https:\\\/\\\/www.vom-taubertal.de\\\/blog\\\/warum-katzen-im-fruehling-am-fenster-sitzen-erklaert-von-brummhummelchen\\\/#breadcrumb\",\"itemListElement\":[{\"@type\":\"ListItem\",\"position\":1,\"name\":\"Home\",\"item\":\"https:\\\/\\\/www.vom-taubertal.de\\\/blog\\\/\"},{\"@type\":\"ListItem\",\"position\":2,\"name\":\"Was dein Stubentiger dir nicht sagt\"}]},{\"@type\":\"WebSite\",\"@id\":\"https:\\\/\\\/www.vom-taubertal.de\\\/blog\\\/#website\",\"url\":\"https:\\\/\\\/www.vom-taubertal.de\\\/blog\\\/\",\"name\":\"Die Taubertalperser\",\"description\":\"Alles \u00fcber und f\u00fcr Katzen \",\"publisher\":{\"@id\":\"https:\\\/\\\/www.vom-taubertal.de\\\/blog\\\/#\\\/schema\\\/person\\\/368654e092f5785df440fe834ecc3049\"},\"potentialAction\":[{\"@type\":\"SearchAction\",\"target\":{\"@type\":\"EntryPoint\",\"urlTemplate\":\"https:\\\/\\\/www.vom-taubertal.de\\\/blog\\\/?s={search_term_string}\"},\"query-input\":{\"@type\":\"PropertyValueSpecification\",\"valueRequired\":true,\"valueName\":\"search_term_string\"}}],\"inLanguage\":\"de\"},{\"@type\":[\"Person\",\"Organization\"],\"@id\":\"https:\\\/\\\/www.vom-taubertal.de\\\/blog\\\/#\\\/schema\\\/person\\\/368654e092f5785df440fe834ecc3049\",\"name\":\"afrank\",\"image\":{\"@type\":\"ImageObject\",\"inLanguage\":\"de\",\"@id\":\"https:\\\/\\\/www.vom-taubertal.de\\\/blog\\\/wp-content\\\/uploads\\\/2019\\\/03\\\/Andrea_Dividi_02.jpg\",\"url\":\"https:\\\/\\\/www.vom-taubertal.de\\\/blog\\\/wp-content\\\/uploads\\\/2019\\\/03\\\/Andrea_Dividi_02.jpg\",\"contentUrl\":\"https:\\\/\\\/www.vom-taubertal.de\\\/blog\\\/wp-content\\\/uploads\\\/2019\\\/03\\\/Andrea_Dividi_02.jpg\",\"width\":653,\"height\":800,\"caption\":\"afrank\"},\"logo\":{\"@id\":\"https:\\\/\\\/www.vom-taubertal.de\\\/blog\\\/wp-content\\\/uploads\\\/2019\\\/03\\\/Andrea_Dividi_02.jpg\"}}]}<\/script>\n<!-- \/ Yoast SEO plugin. -->","yoast_head_json":{"title":"Warum Katzen im Fr\u00fchling am Fenster sitzen \u2013 erkl\u00e4rt von Brummhummelchen","description":"Katzen riechen im Fr\u00fchling mehr als wir Menschen. Brummhummelchen erkl\u00e4rt, warum offene Fenster ein olfaktorisches Abenteuer sind.","robots":{"index":"index","follow":"follow","max-snippet":"max-snippet:-1","max-image-preview":"max-image-preview:large","max-video-preview":"max-video-preview:-1"},"canonical":"https:\/\/www.vom-taubertal.de\/blog\/warum-katzen-im-fruehling-am-fenster-sitzen-erklaert-von-brummhummelchen\/","og_locale":"de_DE","og_type":"article","og_title":"Warum Katzen im Fr\u00fchling am Fenster sitzen \u2013 erkl\u00e4rt von Brummhummelchen","og_description":"Katzen riechen im Fr\u00fchling mehr als wir Menschen. Brummhummelchen erkl\u00e4rt, warum offene Fenster ein olfaktorisches Abenteuer sind.","og_url":"https:\/\/www.vom-taubertal.de\/blog\/warum-katzen-im-fruehling-am-fenster-sitzen-erklaert-von-brummhummelchen\/","og_site_name":"Die Taubertalperser","article_published_time":"2026-03-04T14:00:31+00:00","article_modified_time":"2026-04-18T13:49:33+00:00","og_image":[{"width":800,"height":300,"url":"https:\/\/www.vom-taubertal.de\/blog\/wp-content\/uploads\/2025\/11\/Rede-ich-CO.jpg","type":"image\/jpeg"}],"author":"afrank","twitter_misc":{"Verfasst von":"afrank","Gesch\u00e4tzte Lesezeit":"4\u00a0Minuten"},"schema":{"@context":"https:\/\/schema.org","@graph":[{"@type":"Article","@id":"https:\/\/www.vom-taubertal.de\/blog\/warum-katzen-im-fruehling-am-fenster-sitzen-erklaert-von-brummhummelchen\/#article","isPartOf":{"@id":"https:\/\/www.vom-taubertal.de\/blog\/warum-katzen-im-fruehling-am-fenster-sitzen-erklaert-von-brummhummelchen\/"},"author":{"name":"afrank","@id":"https:\/\/www.vom-taubertal.de\/blog\/#\/schema\/person\/368654e092f5785df440fe834ecc3049"},"headline":"Was dein Stubentiger dir nicht sagt","datePublished":"2026-03-04T14:00:31+00:00","dateModified":"2026-04-18T13:49:33+00:00","mainEntityOfPage":{"@id":"https:\/\/www.vom-taubertal.de\/blog\/warum-katzen-im-fruehling-am-fenster-sitzen-erklaert-von-brummhummelchen\/"},"wordCount":563,"commentCount":0,"publisher":{"@id":"https:\/\/www.vom-taubertal.de\/blog\/#\/schema\/person\/368654e092f5785df440fe834ecc3049"},"image":{"@id":"https:\/\/www.vom-taubertal.de\/blog\/warum-katzen-im-fruehling-am-fenster-sitzen-erklaert-von-brummhummelchen\/#primaryimage"},"thumbnailUrl":"https:\/\/i0.wp.com\/www.vom-taubertal.de\/blog\/wp-content\/uploads\/2025\/11\/Rede-ich-CO.jpg?fit=800%2C300&quality=100&ssl=1","keywords":["Katze Fenster","Katze Geruchssinn","Katze Revier Fr\u00fchling","Katzen","Katzen Fr\u00fchling","Katzen riechen mehr","Katzenblog","Katzenhaltung","Katzeninformationsseite","Katzensprache Ger\u00fcche","Katzenverhalten Fr\u00fchling","Rund um die Katz'","Taubertalperser","unabh\u00e4ngiger Katzenblog"],"articleSection":{"1":"Katzentalk"},"inLanguage":"de","potentialAction":[{"@type":"CommentAction","name":"Comment","target":["https:\/\/www.vom-taubertal.de\/blog\/warum-katzen-im-fruehling-am-fenster-sitzen-erklaert-von-brummhummelchen\/#respond"]}]},{"@type":"WebPage","@id":"https:\/\/www.vom-taubertal.de\/blog\/warum-katzen-im-fruehling-am-fenster-sitzen-erklaert-von-brummhummelchen\/","url":"https:\/\/www.vom-taubertal.de\/blog\/warum-katzen-im-fruehling-am-fenster-sitzen-erklaert-von-brummhummelchen\/","name":"Warum Katzen im Fr\u00fchling am Fenster sitzen \u2013 erkl\u00e4rt von Brummhummelchen","isPartOf":{"@id":"https:\/\/www.vom-taubertal.de\/blog\/#website"},"primaryImageOfPage":{"@id":"https:\/\/www.vom-taubertal.de\/blog\/warum-katzen-im-fruehling-am-fenster-sitzen-erklaert-von-brummhummelchen\/#primaryimage"},"image":{"@id":"https:\/\/www.vom-taubertal.de\/blog\/warum-katzen-im-fruehling-am-fenster-sitzen-erklaert-von-brummhummelchen\/#primaryimage"},"thumbnailUrl":"https:\/\/i0.wp.com\/www.vom-taubertal.de\/blog\/wp-content\/uploads\/2025\/11\/Rede-ich-CO.jpg?fit=800%2C300&quality=100&ssl=1","datePublished":"2026-03-04T14:00:31+00:00","dateModified":"2026-04-18T13:49:33+00:00","description":"Katzen riechen im Fr\u00fchling mehr als wir Menschen. Brummhummelchen erkl\u00e4rt, warum offene Fenster ein olfaktorisches Abenteuer sind.","breadcrumb":{"@id":"https:\/\/www.vom-taubertal.de\/blog\/warum-katzen-im-fruehling-am-fenster-sitzen-erklaert-von-brummhummelchen\/#breadcrumb"},"inLanguage":"de","potentialAction":[{"@type":"ReadAction","target":["https:\/\/www.vom-taubertal.de\/blog\/warum-katzen-im-fruehling-am-fenster-sitzen-erklaert-von-brummhummelchen\/"]}]},{"@type":"ImageObject","inLanguage":"de","@id":"https:\/\/www.vom-taubertal.de\/blog\/warum-katzen-im-fruehling-am-fenster-sitzen-erklaert-von-brummhummelchen\/#primaryimage","url":"https:\/\/i0.wp.com\/www.vom-taubertal.de\/blog\/wp-content\/uploads\/2025\/11\/Rede-ich-CO.jpg?fit=800%2C300&quality=100&ssl=1","contentUrl":"https:\/\/i0.wp.com\/www.vom-taubertal.de\/blog\/wp-content\/uploads\/2025\/11\/Rede-ich-CO.jpg?fit=800%2C300&quality=100&ssl=1","width":800,"height":300},{"@type":"BreadcrumbList","@id":"https:\/\/www.vom-taubertal.de\/blog\/warum-katzen-im-fruehling-am-fenster-sitzen-erklaert-von-brummhummelchen\/#breadcrumb","itemListElement":[{"@type":"ListItem","position":1,"name":"Home","item":"https:\/\/www.vom-taubertal.de\/blog\/"},{"@type":"ListItem","position":2,"name":"Was dein Stubentiger dir nicht sagt"}]},{"@type":"WebSite","@id":"https:\/\/www.vom-taubertal.de\/blog\/#website","url":"https:\/\/www.vom-taubertal.de\/blog\/","name":"Die Taubertalperser","description":"Alles \u00fcber und f\u00fcr Katzen ","publisher":{"@id":"https:\/\/www.vom-taubertal.de\/blog\/#\/schema\/person\/368654e092f5785df440fe834ecc3049"},"potentialAction":[{"@type":"SearchAction","target":{"@type":"EntryPoint","urlTemplate":"https:\/\/www.vom-taubertal.de\/blog\/?s={search_term_string}"},"query-input":{"@type":"PropertyValueSpecification","valueRequired":true,"valueName":"search_term_string"}}],"inLanguage":"de"},{"@type":["Person","Organization"],"@id":"https:\/\/www.vom-taubertal.de\/blog\/#\/schema\/person\/368654e092f5785df440fe834ecc3049","name":"afrank","image":{"@type":"ImageObject","inLanguage":"de","@id":"https:\/\/www.vom-taubertal.de\/blog\/wp-content\/uploads\/2019\/03\/Andrea_Dividi_02.jpg","url":"https:\/\/www.vom-taubertal.de\/blog\/wp-content\/uploads\/2019\/03\/Andrea_Dividi_02.jpg","contentUrl":"https:\/\/www.vom-taubertal.de\/blog\/wp-content\/uploads\/2019\/03\/Andrea_Dividi_02.jpg","width":653,"height":800,"caption":"afrank"},"logo":{"@id":"https:\/\/www.vom-taubertal.de\/blog\/wp-content\/uploads\/2019\/03\/Andrea_Dividi_02.jpg"}}]}},"jetpack_publicize_connections":[],"jetpack_featured_media_url":"https:\/\/i0.wp.com\/www.vom-taubertal.de\/blog\/wp-content\/uploads\/2025\/11\/Rede-ich-CO.jpg?fit=800%2C300&quality=100&ssl=1","jetpack_sharing_enabled":true,"_links":{"self":[{"href":"https:\/\/www.vom-taubertal.de\/blog\/wp-json\/wp\/v2\/posts\/44010","targetHints":{"allow":["GET"]}}],"collection":[{"href":"https:\/\/www.vom-taubertal.de\/blog\/wp-json\/wp\/v2\/posts"}],"about":[{"href":"https:\/\/www.vom-taubertal.de\/blog\/wp-json\/wp\/v2\/types\/post"}],"author":[{"embeddable":true,"href":"https:\/\/www.vom-taubertal.de\/blog\/wp-json\/wp\/v2\/users\/1"}],"replies":[{"embeddable":true,"href":"https:\/\/www.vom-taubertal.de\/blog\/wp-json\/wp\/v2\/comments?post=44010"}],"version-history":[{"count":4,"href":"https:\/\/www.vom-taubertal.de\/blog\/wp-json\/wp\/v2\/posts\/44010\/revisions"}],"predecessor-version":[{"id":45563,"href":"https:\/\/www.vom-taubertal.de\/blog\/wp-json\/wp\/v2\/posts\/44010\/revisions\/45563"}],"wp:featuredmedia":[{"embeddable":true,"href":"https:\/\/www.vom-taubertal.de\/blog\/wp-json\/wp\/v2\/media\/43607"}],"wp:attachment":[{"href":"https:\/\/www.vom-taubertal.de\/blog\/wp-json\/wp\/v2\/media?parent=44010"}],"wp:term":[{"taxonomy":"category","embeddable":true,"href":"https:\/\/www.vom-taubertal.de\/blog\/wp-json\/wp\/v2\/categories?post=44010"},{"taxonomy":"post_tag","embeddable":true,"href":"https:\/\/www.vom-taubertal.de\/blog\/wp-json\/wp\/v2\/tags?post=44010"}],"curies":[{"name":"wp","href":"https:\/\/api.w.org\/{rel}","templated":true}]}}