{"id":46618,"date":"2026-09-04T10:00:21","date_gmt":"2026-09-04T08:00:21","guid":{"rendered":"https:\/\/www.vom-taubertal.de\/blog\/?p=46618"},"modified":"2026-08-25T17:50:59","modified_gmt":"2026-08-25T15:50:59","slug":"brummhummelchens-5-geburtstag-freche-katzengeschichten-aus-dem-koenigreich","status":"publish","type":"post","link":"https:\/\/www.vom-taubertal.de\/blog\/brummhummelchens-5-geburtstag-freche-katzengeschichten-aus-dem-koenigreich\/","title":{"rendered":"Brummhummelchens gro\u00dfe Erinnerung \u2013 5 Jahre frech, flauschig und k\u00f6niglich"},"content":{"rendered":"<h2>Mein Einzug: Unfreiwillig, ungefragt, unvergessen<\/h2>\n<p>Wisst ihr noch? K\u00f6nnt ihr euch erinnern, wie ich vor fast f\u00fcnf Jahren hier eingezogen bin? <strong>Unfreiwillig!<\/strong> <!--more-->Ich wurde nicht gefragt \u2013 und das muss ich hier noch einmal ganz deutlich festhalten.<\/p>\n<p>Ich wurde einfach geschnappt und hochgehoben, w\u00e4hrend ich gerade mein N\u00e4schen in das wohlriechende, schmackhafte Futter gesteckt hatte. Nat\u00fcrlich habe ich mich gewehrt \u2013 mit allem, was mir zur Verf\u00fcgung stand. Und glaubt mir: Meine Krallen waren scharf. Sehr scharf. Die Unbefellte erinnert sich heute noch daran, wie schmerzhaft das war.<\/p>\n<p>Erinnern\u2026 na ja. Sie behauptet, sie h\u00e4tte mir erst vor f\u00fcnf Minuten Snacks gegeben, dabei ist das schon Ewigkeiten her. <strong>Ihr Gehirn hat eindeutig Lochfra\u00df.<\/strong><\/p>\n<h2>Mein 5. Geburtstag \u2013 und ja, ich bestehe auf \u201ejung\u201c<\/h2>\n<p>Aber heute, sagt sie, sei ein besonderer Tag. F\u00fcr mich, f\u00fcr sie, f\u00fcr alle. Denn ich werde heute <strong>5 Jahre jung<\/strong>. Jung! Das ist wichtig.<\/p>\n<p>Komischerweise kann sie sich dieses Datum merken \u2013 vielleicht, weil der m\u00e4nnliche Part ebenfalls Geburtstag hat. Keine Ahnung. Ich wei\u00df nur eins: <strong>Ich verhungere. Permanent.<\/strong><\/p>\n<p><img data-recalc-dims=\"1\" loading=\"lazy\" decoding=\"async\" class=\"aligncenter size-full wp-image-44296\" src=\"https:\/\/i0.wp.com\/www.vom-taubertal.de\/blog\/wp-content\/uploads\/2025\/12\/Max-05.jpg?resize=800%2C533&#038;quality=100&#038;ssl=1\" alt=\"\" width=\"800\" height=\"533\" srcset=\"https:\/\/i0.wp.com\/www.vom-taubertal.de\/blog\/wp-content\/uploads\/2025\/12\/Max-05.jpg?w=800&amp;quality=100&amp;ssl=1 800w, https:\/\/i0.wp.com\/www.vom-taubertal.de\/blog\/wp-content\/uploads\/2025\/12\/Max-05.jpg?resize=300%2C200&amp;quality=100&amp;ssl=1 300w, https:\/\/i0.wp.com\/www.vom-taubertal.de\/blog\/wp-content\/uploads\/2025\/12\/Max-05.jpg?resize=768%2C512&amp;quality=100&amp;ssl=1 768w\" sizes=\"auto, (max-width: 800px) 100vw, 800px\" \/><\/p>\n<h2>Der Clown Max und seine fragw\u00fcrdigen H\u00f6hlen-Sch\u00e4tze<\/h2>\n<p>Und nicht nur ich. Meine Kollegen verhungern auch st\u00e4ndig. Besonders dieser Clown namens Max. Der klaut Futtert\u00fctchen, kaut so lange darauf herum, bis sie aufgehen und die K\u00f6stlichkeit herausquillt. Teilen? Fehlanzeige. Er verschleppt alles in seine H\u00f6hle.<\/p>\n<p>Die Unbefellte hat dort schon die seltsamsten Dinge gefunden: Sp\u00fclb\u00fcrste. Leere Konservendosen. Keine Ahnung, was dieser Clown damit will. Die Dosen auswischen?<\/p>\n<p>Ich habe aufgeh\u00f6rt, ihn zu befragen. Reicht ja schon, dass er sich jetzt auch im Bett der Unbefellten breitmacht. <strong>Das ist MEIN Revier!<\/strong><\/p>\n<h2>Das n\u00e4chtliche Bett-Drama \u2013 Akrobat sch\u00f6\u00f6\u00f6\u00f6n<\/h2>\n<p>Wir haben uns geeinigt: Ich liege auf der einen Seite, fest in ihre Arme gekuschelt. Max darf sich auf der anderen Seite breitmachen. Die Unbefellte liegt eingequetscht zwischen uns.<\/p>\n<p>Wenn sie nachts aufstehen will, beginnt das Theater. Kennt ihr den Ausruf: <strong>\u201eAkrobat sch\u00f6\u00f6\u00f6\u00f6\u00f6n!\u201c<\/strong><\/p>\n<p>Sobald sie weg ist, nutzen wir unsere Chance und beanspruchen mehr Bettfl\u00e4che. Es ist ja noch sch\u00f6n warm von ihr. Und wenn sie zur\u00fcckkommt, strecken wir unsere B\u00e4uche entgegen und sie versucht, sich um uns herumzulegen.<\/p>\n<p>Bei einer 15\u2011J\u00e4hrigen mag das anmutig aussehen. Bei ihr wirkt es eher wie ein <strong>Karpfen auf dem Trockenen<\/strong>.<\/p>\n<figure id=\"attachment_41056\" aria-describedby=\"caption-attachment-41056\" style=\"width: 800px\" class=\"wp-caption aligncenter\"><img data-recalc-dims=\"1\" loading=\"lazy\" decoding=\"async\" class=\"size-full wp-image-41056\" src=\"https:\/\/i0.wp.com\/www.vom-taubertal.de\/blog\/wp-content\/uploads\/2025\/02\/Verpackung.jpg?resize=800%2C533&#038;quality=100&#038;ssl=1\" alt=\"Catys Leckerbissen, Titelbild, Katzenfuttertest, Taubertalperser\" width=\"800\" height=\"533\" srcset=\"https:\/\/i0.wp.com\/www.vom-taubertal.de\/blog\/wp-content\/uploads\/2025\/02\/Verpackung.jpg?w=800&amp;quality=100&amp;ssl=1 800w, https:\/\/i0.wp.com\/www.vom-taubertal.de\/blog\/wp-content\/uploads\/2025\/02\/Verpackung.jpg?resize=300%2C200&amp;quality=100&amp;ssl=1 300w, https:\/\/i0.wp.com\/www.vom-taubertal.de\/blog\/wp-content\/uploads\/2025\/02\/Verpackung.jpg?resize=768%2C512&amp;quality=100&amp;ssl=1 768w\" sizes=\"auto, (max-width: 800px) 100vw, 800px\" \/><figcaption id=\"caption-attachment-41056\" class=\"wp-caption-text\">Brummhummelchen sucht mit vollem K\u00f6rpereinsatz<\/figcaption><\/figure>\n<h2><strong>Futter, Tests und die Faulheit der Unbefellten<\/strong><\/h2>\n<p>Aber gut, sie hat auch positive Seiten. Sie wei\u00df inzwischen, welches Futter wir lieben und was suboptimal ist. Und dass wir immer neue Sachen zum Ausprobieren bekommen, ist angenehm. Sie wei\u00df schon, wie sie uns das Leben sch\u00f6n machen kann \u2013 macht es nur viel zu selten.<\/p>\n<p>Apropos selten: Sie ist aktuell <strong>sehr faul<\/strong>. Wir haben uns hingesetzt, um meine Memoiren zu diktieren. Bis Kapitel 6 ist sie gekommen. Furchtbar! Eigentlich wollte ich, dass sie zum Geburtstag ver\u00f6ffentlicht werden. Wenn sie so weitermacht, werde ich wohl die \u00e4lteste Katze Deutschlands, bis sie fertig ist.<\/p>\n<p>Immerhin hat sie meine Lebensweisheiten schon ver\u00f6ffentlicht. Ist nicht viel, aber besser als nichts. Wenn ihr die Zeit bis zur Ver\u00f6ffentlichung meiner Memoiren \u00fcberbr\u00fccken wollt, sei euch dieses <em><strong><a href=\"https:\/\/link.amazon\/B0bYI7zRR\" target=\"_blank\" rel=\"noopener\">Kunstwerk ans Herz<\/a><\/strong><\/em> gelegt. Ich werde ihr Feuer unter dem Poppes machen \u2013 vielleicht schafft sie es ja dieses Jahr.<\/p>\n<p><a href=\"https:\/\/link.amazon\/B0bYI7zRR\" target=\"_blank\" rel=\"noopener\"><img data-recalc-dims=\"1\" loading=\"lazy\" decoding=\"async\" class=\"aligncenter size-full wp-image-45547\" src=\"https:\/\/i0.wp.com\/www.vom-taubertal.de\/blog\/wp-content\/uploads\/2026\/04\/Buch-03.jpg?resize=800%2C533&#038;quality=100&#038;ssl=1\" alt=\"Was dein Stubentiger dir nicht sagt, Katzenbuch, Taubertalperser, Katzenverhalten\" width=\"800\" height=\"533\" srcset=\"https:\/\/i0.wp.com\/www.vom-taubertal.de\/blog\/wp-content\/uploads\/2026\/04\/Buch-03.jpg?w=800&amp;quality=100&amp;ssl=1 800w, https:\/\/i0.wp.com\/www.vom-taubertal.de\/blog\/wp-content\/uploads\/2026\/04\/Buch-03.jpg?resize=300%2C200&amp;quality=100&amp;ssl=1 300w, https:\/\/i0.wp.com\/www.vom-taubertal.de\/blog\/wp-content\/uploads\/2026\/04\/Buch-03.jpg?resize=768%2C512&amp;quality=100&amp;ssl=1 768w\" sizes=\"auto, (max-width: 800px) 100vw, 800px\" \/><\/a><\/p>\n<h2>Mein Geburtstag \u2013 mit Extra-Kuscheln und Extra-Leckerchen<\/h2>\n<p>Falls es untergegangen ist: <strong>Ich habe heute Geburtstag!<\/strong><\/p>\n<p>Ob es wirklich mein richtiger ist? Keine Ahnung. Sie hat es einfach beschlossen, damit etwas im Impfpass steht.<\/p>\n<p>Aber egal \u2013 es ist ein Tag mit extra Kuscheleinheiten und extra Leckerchen. Heute gab es sie sogar fr\u00fcher, weil \u201eMadame\u201c abgedampft ist, um den Kretak\u00e4tzchen etwas von dem tollen Futter zu bringen, das wir hier bekommen.<\/p>\n<p>Und auch wenn ich sonst nicht gerne teile \u2013 in diesem Fall mache ich es gerne. Die Clowns auch, aber die werden eh nicht gefragt.<\/p>\n<p><strong>&#x1f451; In diesem Sinne \u2013 Gr\u00fc\u00dfe aus meinem K\u00f6nigreich<\/strong><\/p>\n<p>Habt noch einen sch\u00f6nen Tag. Ich habe ihn auf jeden Fall \u2013 <strong>in meinem K\u00f6nigreich<\/strong>.<\/p>\n<p>Aktuell haben wir auch noch eine GoFundme-Kampagne laufen&nbsp; &#8211; vielleicht wollt ihr uns dabei unterst\u00fctzen?&nbsp;<\/p>\n<div class=\"gfm-embed\" data-url=\"https:\/\/www.gofundme.com\/f\/gemeinsam-fur-kretas-katzen-optisch-kastrationen\/widget\/large?attribution_id=sl%3A84d5af22-3a07-4901-a2c6-e375639adbf0\">&nbsp;<\/div>\n<p><script defer=\"\" src=\"https:\/\/www.gofundme.com\/static\/js\/embed.js\"><\/script><\/p>\n<hr>\n<p>Hat dir dieser Beitrag gefallen und du m\u00f6chtest auch in der Zukunft keine tollen Tipps zur Katzenhaltung oder interessante Produktempfehlungen verpassen?<br \/>\nAbonniere einfach unseren Blog und erhalte die neuesten Beitr\u00e4ge einfach direkt in den Mailfach.<\/p>\n<p>Gerne darfst du auch unsere Beitr\u00e4ge mit anderen Katzenliebhabern teilen.<br \/>\n<a href=\"https:\/\/www.awin1.com\/cread.php?s=4796952&amp;v=123926&amp;q=606693&amp;r=557159\" rel=\"sponsored\"><br \/>\n<img decoding=\"async\" class=\"aligncenter\" src=\"https:\/\/www.awin1.com\/cshow.php?s=4796952&amp;v=123926&amp;q=606693&amp;r=557159\" border=\"0\"><br \/>\n<\/a><\/p>\n<p><!-- END ADVERTISER: Joybuy DE from awin.com --><\/p>\n","protected":false},"excerpt":{"rendered":"<p>Zum 5. Geburtstag blickt Brummhummelchen auf ihr Leben zur\u00fcck: vom unfreiwilligen Einzug \u00fcber Futterdiebst\u00e4hle bis hin zu n\u00e4chtlichen Kuschelritualen. Eine warmherzige, freche Katzenstory, die zeigt, wie einzigartig das Leben im Mehrkatzenhaushalt ist.<\/p>\n","protected":false},"author":1,"featured_media":46619,"comment_status":"open","ping_status":"open","sticky":false,"template":"","format":"standard","meta":{"colormag_page_container_layout":"default_layout","colormag_page_sidebar_layout":"default_layout","sfsi_plus_gutenberg_text_before_share":"","sfsi_plus_gutenberg_show_text_before_share":"","sfsi_plus_gutenberg_icon_type":"","sfsi_plus_gutenberg_icon_alignemt":"","sfsi_plus_gutenburg_max_per_row":"","ngg_post_thumbnail":0,"_jetpack_newsletter_access":"","_jetpack_dont_email_post_to_subs":false,"_jetpack_newsletter_tier_id":0,"_jetpack_memberships_contains_paywalled_content":false,"_jetpack_feature_clip_id":0,"_jetpack_memberships_contains_paid_content":false,"footnotes":"","jetpack_publicize_message":"{title}\r\n\r\n{excerpt}\r\n\r\n{url}","jetpack_publicize_feature_enabled":true,"jetpack_social_post_already_shared":true,"jetpack_social_options":{"image_generator_settings":{"template":"highway","default_image_id":0,"font":"","enabled":false},"version":2},"_wpas_customize_per_network":false,"jetpack_post_was_ever_published":false},"categories":[1],"tags":[2793,4802,6604,6606,3499,1183,6605,6607,6603,4365,3770,6608,5563,2380,3915],"class_list":["post-46618","post","type-post","status-publish","format-standard","has-post-thumbnail","hentry","category-allgemein-katzen-perserkatzen-taubertalperser","tag-brummhummelchen","tag-c-o-katze","tag-freche-katze","tag-futterklau-katze","tag-katzenalltag","tag-katzenblog","tag-katzenerinnerungen","tag-katzenerzaehlung","tag-katzengeburtstag","tag-katzengeschichte","tag-katzenhumor","tag-katzenperspektive","tag-lustige-katzengeschichte","tag-mehrkatzenhaushalt","tag-tigerkatze"],"yoast_head":"<!-- This site is optimized with the Yoast SEO plugin v28.4 - https:\/\/yoast.com\/product\/yoast-seo-wordpress\/ -->\n<title>Brummhummelchens gro\u00dfe Erinnerung \u2013 5 Jahre frech, flauschig und k\u00f6niglich &#8226; Die Taubertalperser - Perser vom Taubertal<\/title>\n<meta name=\"description\" content=\"Tigerkatze Brummhummelchen alias C.O. erz\u00e4hlt frech von ihrem ungefragten Einzug, n\u00e4chtlichen Bett Akrobatiken, Futterklau im Mehrkatzenhaushalt und ihrem 5. Geburtstag. Eine humorvolle, warmherzige Katzengeschichte voller Pers\u00f6nlichkeit, Chaos und k\u00f6niglicher Momente.\" \/>\n<meta name=\"robots\" content=\"index, follow, max-snippet:-1, max-image-preview:large, max-video-preview:-1\" \/>\n<link rel=\"canonical\" href=\"https:\/\/www.vom-taubertal.de\/blog\/brummhummelchens-5-geburtstag-freche-katzengeschichten-aus-dem-koenigreich\/\" \/>\n<meta property=\"og:locale\" content=\"de_DE\" \/>\n<meta property=\"og:type\" content=\"article\" \/>\n<meta property=\"og:title\" content=\"Brummhummelchens gro\u00dfe Erinnerung \u2013 5 Jahre frech, flauschig und k\u00f6niglich &#8226; Die Taubertalperser - Perser vom Taubertal\" \/>\n<meta property=\"og:description\" content=\"Tigerkatze Brummhummelchen alias C.O. erz\u00e4hlt frech von ihrem ungefragten Einzug, n\u00e4chtlichen Bett Akrobatiken, Futterklau im Mehrkatzenhaushalt und ihrem 5. Geburtstag. Eine humorvolle, warmherzige Katzengeschichte voller Pers\u00f6nlichkeit, Chaos und k\u00f6niglicher Momente.\" \/>\n<meta property=\"og:url\" content=\"https:\/\/www.vom-taubertal.de\/blog\/brummhummelchens-5-geburtstag-freche-katzengeschichten-aus-dem-koenigreich\/\" \/>\n<meta property=\"og:site_name\" content=\"Die Taubertalperser\" \/>\n<meta property=\"article:published_time\" content=\"2026-09-04T08:00:21+00:00\" \/>\n<meta property=\"og:image\" content=\"https:\/\/i0.wp.com\/www.vom-taubertal.de\/blog\/wp-content\/uploads\/2026\/08\/Brummhummelchen-Titelbild.jpg?fit=800%2C300&quality=100&ssl=1\" \/>\n\t<meta property=\"og:image:width\" content=\"800\" \/>\n\t<meta property=\"og:image:height\" content=\"300\" \/>\n\t<meta property=\"og:image:type\" content=\"image\/jpeg\" \/>\n<meta name=\"author\" content=\"afrank\" \/>\n<meta name=\"twitter:label1\" content=\"Verfasst von\" \/>\n\t<meta name=\"twitter:data1\" content=\"afrank\" \/>\n\t<meta name=\"twitter:label2\" content=\"Gesch\u00e4tzte Lesezeit\" \/>\n\t<meta name=\"twitter:data2\" content=\"5\u00a0Minuten\" \/>\n<script type=\"application\/ld+json\" class=\"yoast-schema-graph\">{\"@context\":\"https:\\\/\\\/schema.org\",\"@graph\":[{\"@type\":\"Article\",\"@id\":\"https:\\\/\\\/www.vom-taubertal.de\\\/blog\\\/brummhummelchens-5-geburtstag-freche-katzengeschichten-aus-dem-koenigreich\\\/#article\",\"isPartOf\":{\"@id\":\"https:\\\/\\\/www.vom-taubertal.de\\\/blog\\\/brummhummelchens-5-geburtstag-freche-katzengeschichten-aus-dem-koenigreich\\\/\"},\"author\":{\"name\":\"afrank\",\"@id\":\"https:\\\/\\\/www.vom-taubertal.de\\\/blog\\\/#\\\/schema\\\/person\\\/368654e092f5785df440fe834ecc3049\"},\"headline\":\"Brummhummelchens gro\u00dfe Erinnerung \u2013 5 Jahre frech, flauschig und k\u00f6niglich\",\"datePublished\":\"2026-09-04T08:00:21+00:00\",\"mainEntityOfPage\":{\"@id\":\"https:\\\/\\\/www.vom-taubertal.de\\\/blog\\\/brummhummelchens-5-geburtstag-freche-katzengeschichten-aus-dem-koenigreich\\\/\"},\"wordCount\":750,\"commentCount\":0,\"publisher\":{\"@id\":\"https:\\\/\\\/www.vom-taubertal.de\\\/blog\\\/#\\\/schema\\\/person\\\/368654e092f5785df440fe834ecc3049\"},\"image\":{\"@id\":\"https:\\\/\\\/www.vom-taubertal.de\\\/blog\\\/brummhummelchens-5-geburtstag-freche-katzengeschichten-aus-dem-koenigreich\\\/#primaryimage\"},\"thumbnailUrl\":\"https:\\\/\\\/i0.wp.com\\\/www.vom-taubertal.de\\\/blog\\\/wp-content\\\/uploads\\\/2026\\\/08\\\/Brummhummelchen-Titelbild.jpg?fit=800%2C300&quality=100&ssl=1\",\"keywords\":[\"Brummhummelchen\",\"C.O. Katze\",\"freche Katze\",\"Futterklau Katze\",\"Katzenalltag\",\"Katzenblog\",\"Katzenerinnerungen\",\"Katzenerz\u00e4hlung\",\"Katzengeburtstag\",\"Katzengeschichte\",\"Katzenhumor\",\"Katzenperspektive\",\"lustige Katzengeschichte\",\"Mehrkatzenhaushalt\",\"Tigerkatze\"],\"inLanguage\":\"de\",\"potentialAction\":[{\"@type\":\"CommentAction\",\"name\":\"Comment\",\"target\":[\"https:\\\/\\\/www.vom-taubertal.de\\\/blog\\\/brummhummelchens-5-geburtstag-freche-katzengeschichten-aus-dem-koenigreich\\\/#respond\"]}]},{\"@type\":\"WebPage\",\"@id\":\"https:\\\/\\\/www.vom-taubertal.de\\\/blog\\\/brummhummelchens-5-geburtstag-freche-katzengeschichten-aus-dem-koenigreich\\\/\",\"url\":\"https:\\\/\\\/www.vom-taubertal.de\\\/blog\\\/brummhummelchens-5-geburtstag-freche-katzengeschichten-aus-dem-koenigreich\\\/\",\"name\":\"Brummhummelchens gro\u00dfe Erinnerung \u2013 5 Jahre frech, flauschig und k\u00f6niglich &#8226; Die Taubertalperser - Perser vom Taubertal\",\"isPartOf\":{\"@id\":\"https:\\\/\\\/www.vom-taubertal.de\\\/blog\\\/#website\"},\"primaryImageOfPage\":{\"@id\":\"https:\\\/\\\/www.vom-taubertal.de\\\/blog\\\/brummhummelchens-5-geburtstag-freche-katzengeschichten-aus-dem-koenigreich\\\/#primaryimage\"},\"image\":{\"@id\":\"https:\\\/\\\/www.vom-taubertal.de\\\/blog\\\/brummhummelchens-5-geburtstag-freche-katzengeschichten-aus-dem-koenigreich\\\/#primaryimage\"},\"thumbnailUrl\":\"https:\\\/\\\/i0.wp.com\\\/www.vom-taubertal.de\\\/blog\\\/wp-content\\\/uploads\\\/2026\\\/08\\\/Brummhummelchen-Titelbild.jpg?fit=800%2C300&quality=100&ssl=1\",\"datePublished\":\"2026-09-04T08:00:21+00:00\",\"description\":\"Tigerkatze Brummhummelchen alias C.O. erz\u00e4hlt frech von ihrem ungefragten Einzug, n\u00e4chtlichen Bett Akrobatiken, Futterklau im Mehrkatzenhaushalt und ihrem 5. Geburtstag. Eine humorvolle, warmherzige Katzengeschichte voller Pers\u00f6nlichkeit, Chaos und k\u00f6niglicher Momente.\",\"breadcrumb\":{\"@id\":\"https:\\\/\\\/www.vom-taubertal.de\\\/blog\\\/brummhummelchens-5-geburtstag-freche-katzengeschichten-aus-dem-koenigreich\\\/#breadcrumb\"},\"inLanguage\":\"de\",\"potentialAction\":[{\"@type\":\"ReadAction\",\"target\":[\"https:\\\/\\\/www.vom-taubertal.de\\\/blog\\\/brummhummelchens-5-geburtstag-freche-katzengeschichten-aus-dem-koenigreich\\\/\"]}]},{\"@type\":\"ImageObject\",\"inLanguage\":\"de\",\"@id\":\"https:\\\/\\\/www.vom-taubertal.de\\\/blog\\\/brummhummelchens-5-geburtstag-freche-katzengeschichten-aus-dem-koenigreich\\\/#primaryimage\",\"url\":\"https:\\\/\\\/i0.wp.com\\\/www.vom-taubertal.de\\\/blog\\\/wp-content\\\/uploads\\\/2026\\\/08\\\/Brummhummelchen-Titelbild.jpg?fit=800%2C300&quality=100&ssl=1\",\"contentUrl\":\"https:\\\/\\\/i0.wp.com\\\/www.vom-taubertal.de\\\/blog\\\/wp-content\\\/uploads\\\/2026\\\/08\\\/Brummhummelchen-Titelbild.jpg?fit=800%2C300&quality=100&ssl=1\",\"width\":800,\"height\":300,\"caption\":\"Geburtstag\"},{\"@type\":\"BreadcrumbList\",\"@id\":\"https:\\\/\\\/www.vom-taubertal.de\\\/blog\\\/brummhummelchens-5-geburtstag-freche-katzengeschichten-aus-dem-koenigreich\\\/#breadcrumb\",\"itemListElement\":[{\"@type\":\"ListItem\",\"position\":1,\"name\":\"Home\",\"item\":\"https:\\\/\\\/www.vom-taubertal.de\\\/blog\\\/\"},{\"@type\":\"ListItem\",\"position\":2,\"name\":\"Brummhummelchens gro\u00dfe Erinnerung \u2013 5 Jahre frech, flauschig und k\u00f6niglich\"}]},{\"@type\":\"WebSite\",\"@id\":\"https:\\\/\\\/www.vom-taubertal.de\\\/blog\\\/#website\",\"url\":\"https:\\\/\\\/www.vom-taubertal.de\\\/blog\\\/\",\"name\":\"Die Taubertalperser\",\"description\":\"Alles \u00fcber und f\u00fcr Katzen \",\"publisher\":{\"@id\":\"https:\\\/\\\/www.vom-taubertal.de\\\/blog\\\/#\\\/schema\\\/person\\\/368654e092f5785df440fe834ecc3049\"},\"potentialAction\":[{\"@type\":\"SearchAction\",\"target\":{\"@type\":\"EntryPoint\",\"urlTemplate\":\"https:\\\/\\\/www.vom-taubertal.de\\\/blog\\\/?s={search_term_string}\"},\"query-input\":{\"@type\":\"PropertyValueSpecification\",\"valueRequired\":true,\"valueName\":\"search_term_string\"}}],\"inLanguage\":\"de\"},{\"@type\":[\"Person\",\"Organization\"],\"@id\":\"https:\\\/\\\/www.vom-taubertal.de\\\/blog\\\/#\\\/schema\\\/person\\\/368654e092f5785df440fe834ecc3049\",\"name\":\"afrank\",\"image\":{\"@type\":\"ImageObject\",\"inLanguage\":\"de\",\"@id\":\"https:\\\/\\\/www.vom-taubertal.de\\\/blog\\\/wp-content\\\/uploads\\\/2019\\\/03\\\/Andrea_Dividi_02.jpg\",\"url\":\"https:\\\/\\\/www.vom-taubertal.de\\\/blog\\\/wp-content\\\/uploads\\\/2019\\\/03\\\/Andrea_Dividi_02.jpg\",\"contentUrl\":\"https:\\\/\\\/www.vom-taubertal.de\\\/blog\\\/wp-content\\\/uploads\\\/2019\\\/03\\\/Andrea_Dividi_02.jpg\",\"width\":653,\"height\":800,\"caption\":\"afrank\"},\"logo\":{\"@id\":\"https:\\\/\\\/www.vom-taubertal.de\\\/blog\\\/wp-content\\\/uploads\\\/2019\\\/03\\\/Andrea_Dividi_02.jpg\"}}]}<\/script>\n<!-- \/ Yoast SEO plugin. -->","yoast_head_json":{"title":"Brummhummelchens gro\u00dfe Erinnerung \u2013 5 Jahre frech, flauschig und k\u00f6niglich &#8226; Die Taubertalperser - Perser vom Taubertal","description":"Tigerkatze Brummhummelchen alias C.O. erz\u00e4hlt frech von ihrem ungefragten Einzug, n\u00e4chtlichen Bett Akrobatiken, Futterklau im Mehrkatzenhaushalt und ihrem 5. Geburtstag. Eine humorvolle, warmherzige Katzengeschichte voller Pers\u00f6nlichkeit, Chaos und k\u00f6niglicher Momente.","robots":{"index":"index","follow":"follow","max-snippet":"max-snippet:-1","max-image-preview":"max-image-preview:large","max-video-preview":"max-video-preview:-1"},"canonical":"https:\/\/www.vom-taubertal.de\/blog\/brummhummelchens-5-geburtstag-freche-katzengeschichten-aus-dem-koenigreich\/","og_locale":"de_DE","og_type":"article","og_title":"Brummhummelchens gro\u00dfe Erinnerung \u2013 5 Jahre frech, flauschig und k\u00f6niglich &#8226; Die Taubertalperser - Perser vom Taubertal","og_description":"Tigerkatze Brummhummelchen alias C.O. erz\u00e4hlt frech von ihrem ungefragten Einzug, n\u00e4chtlichen Bett Akrobatiken, Futterklau im Mehrkatzenhaushalt und ihrem 5. Geburtstag. Eine humorvolle, warmherzige Katzengeschichte voller Pers\u00f6nlichkeit, Chaos und k\u00f6niglicher Momente.","og_url":"https:\/\/www.vom-taubertal.de\/blog\/brummhummelchens-5-geburtstag-freche-katzengeschichten-aus-dem-koenigreich\/","og_site_name":"Die Taubertalperser","article_published_time":"2026-09-04T08:00:21+00:00","og_image":[{"width":800,"height":300,"url":"https:\/\/i0.wp.com\/www.vom-taubertal.de\/blog\/wp-content\/uploads\/2026\/08\/Brummhummelchen-Titelbild.jpg?fit=800%2C300&quality=100&ssl=1","type":"image\/jpeg"}],"author":"afrank","twitter_misc":{"Verfasst von":"afrank","Gesch\u00e4tzte Lesezeit":"5\u00a0Minuten"},"schema":{"@context":"https:\/\/schema.org","@graph":[{"@type":"Article","@id":"https:\/\/www.vom-taubertal.de\/blog\/brummhummelchens-5-geburtstag-freche-katzengeschichten-aus-dem-koenigreich\/#article","isPartOf":{"@id":"https:\/\/www.vom-taubertal.de\/blog\/brummhummelchens-5-geburtstag-freche-katzengeschichten-aus-dem-koenigreich\/"},"author":{"name":"afrank","@id":"https:\/\/www.vom-taubertal.de\/blog\/#\/schema\/person\/368654e092f5785df440fe834ecc3049"},"headline":"Brummhummelchens gro\u00dfe Erinnerung \u2013 5 Jahre frech, flauschig und k\u00f6niglich","datePublished":"2026-09-04T08:00:21+00:00","mainEntityOfPage":{"@id":"https:\/\/www.vom-taubertal.de\/blog\/brummhummelchens-5-geburtstag-freche-katzengeschichten-aus-dem-koenigreich\/"},"wordCount":750,"commentCount":0,"publisher":{"@id":"https:\/\/www.vom-taubertal.de\/blog\/#\/schema\/person\/368654e092f5785df440fe834ecc3049"},"image":{"@id":"https:\/\/www.vom-taubertal.de\/blog\/brummhummelchens-5-geburtstag-freche-katzengeschichten-aus-dem-koenigreich\/#primaryimage"},"thumbnailUrl":"https:\/\/i0.wp.com\/www.vom-taubertal.de\/blog\/wp-content\/uploads\/2026\/08\/Brummhummelchen-Titelbild.jpg?fit=800%2C300&quality=100&ssl=1","keywords":["Brummhummelchen","C.O. Katze","freche Katze","Futterklau Katze","Katzenalltag","Katzenblog","Katzenerinnerungen","Katzenerz\u00e4hlung","Katzengeburtstag","Katzengeschichte","Katzenhumor","Katzenperspektive","lustige Katzengeschichte","Mehrkatzenhaushalt","Tigerkatze"],"inLanguage":"de","potentialAction":[{"@type":"CommentAction","name":"Comment","target":["https:\/\/www.vom-taubertal.de\/blog\/brummhummelchens-5-geburtstag-freche-katzengeschichten-aus-dem-koenigreich\/#respond"]}]},{"@type":"WebPage","@id":"https:\/\/www.vom-taubertal.de\/blog\/brummhummelchens-5-geburtstag-freche-katzengeschichten-aus-dem-koenigreich\/","url":"https:\/\/www.vom-taubertal.de\/blog\/brummhummelchens-5-geburtstag-freche-katzengeschichten-aus-dem-koenigreich\/","name":"Brummhummelchens gro\u00dfe Erinnerung \u2013 5 Jahre frech, flauschig und k\u00f6niglich &#8226; Die Taubertalperser - Perser vom Taubertal","isPartOf":{"@id":"https:\/\/www.vom-taubertal.de\/blog\/#website"},"primaryImageOfPage":{"@id":"https:\/\/www.vom-taubertal.de\/blog\/brummhummelchens-5-geburtstag-freche-katzengeschichten-aus-dem-koenigreich\/#primaryimage"},"image":{"@id":"https:\/\/www.vom-taubertal.de\/blog\/brummhummelchens-5-geburtstag-freche-katzengeschichten-aus-dem-koenigreich\/#primaryimage"},"thumbnailUrl":"https:\/\/i0.wp.com\/www.vom-taubertal.de\/blog\/wp-content\/uploads\/2026\/08\/Brummhummelchen-Titelbild.jpg?fit=800%2C300&quality=100&ssl=1","datePublished":"2026-09-04T08:00:21+00:00","description":"Tigerkatze Brummhummelchen alias C.O. erz\u00e4hlt frech von ihrem ungefragten Einzug, n\u00e4chtlichen Bett Akrobatiken, Futterklau im Mehrkatzenhaushalt und ihrem 5. Geburtstag. Eine humorvolle, warmherzige Katzengeschichte voller Pers\u00f6nlichkeit, Chaos und k\u00f6niglicher Momente.","breadcrumb":{"@id":"https:\/\/www.vom-taubertal.de\/blog\/brummhummelchens-5-geburtstag-freche-katzengeschichten-aus-dem-koenigreich\/#breadcrumb"},"inLanguage":"de","potentialAction":[{"@type":"ReadAction","target":["https:\/\/www.vom-taubertal.de\/blog\/brummhummelchens-5-geburtstag-freche-katzengeschichten-aus-dem-koenigreich\/"]}]},{"@type":"ImageObject","inLanguage":"de","@id":"https:\/\/www.vom-taubertal.de\/blog\/brummhummelchens-5-geburtstag-freche-katzengeschichten-aus-dem-koenigreich\/#primaryimage","url":"https:\/\/i0.wp.com\/www.vom-taubertal.de\/blog\/wp-content\/uploads\/2026\/08\/Brummhummelchen-Titelbild.jpg?fit=800%2C300&quality=100&ssl=1","contentUrl":"https:\/\/i0.wp.com\/www.vom-taubertal.de\/blog\/wp-content\/uploads\/2026\/08\/Brummhummelchen-Titelbild.jpg?fit=800%2C300&quality=100&ssl=1","width":800,"height":300,"caption":"Geburtstag"},{"@type":"BreadcrumbList","@id":"https:\/\/www.vom-taubertal.de\/blog\/brummhummelchens-5-geburtstag-freche-katzengeschichten-aus-dem-koenigreich\/#breadcrumb","itemListElement":[{"@type":"ListItem","position":1,"name":"Home","item":"https:\/\/www.vom-taubertal.de\/blog\/"},{"@type":"ListItem","position":2,"name":"Brummhummelchens gro\u00dfe Erinnerung \u2013 5 Jahre frech, flauschig und k\u00f6niglich"}]},{"@type":"WebSite","@id":"https:\/\/www.vom-taubertal.de\/blog\/#website","url":"https:\/\/www.vom-taubertal.de\/blog\/","name":"Die Taubertalperser","description":"Alles \u00fcber und f\u00fcr Katzen ","publisher":{"@id":"https:\/\/www.vom-taubertal.de\/blog\/#\/schema\/person\/368654e092f5785df440fe834ecc3049"},"potentialAction":[{"@type":"SearchAction","target":{"@type":"EntryPoint","urlTemplate":"https:\/\/www.vom-taubertal.de\/blog\/?s={search_term_string}"},"query-input":{"@type":"PropertyValueSpecification","valueRequired":true,"valueName":"search_term_string"}}],"inLanguage":"de"},{"@type":["Person","Organization"],"@id":"https:\/\/www.vom-taubertal.de\/blog\/#\/schema\/person\/368654e092f5785df440fe834ecc3049","name":"afrank","image":{"@type":"ImageObject","inLanguage":"de","@id":"https:\/\/www.vom-taubertal.de\/blog\/wp-content\/uploads\/2019\/03\/Andrea_Dividi_02.jpg","url":"https:\/\/www.vom-taubertal.de\/blog\/wp-content\/uploads\/2019\/03\/Andrea_Dividi_02.jpg","contentUrl":"https:\/\/www.vom-taubertal.de\/blog\/wp-content\/uploads\/2019\/03\/Andrea_Dividi_02.jpg","width":653,"height":800,"caption":"afrank"},"logo":{"@id":"https:\/\/www.vom-taubertal.de\/blog\/wp-content\/uploads\/2019\/03\/Andrea_Dividi_02.jpg"}}]}},"jetpack_publicize_connections":[],"jetpack_sharing_enabled":true,"jetpack_featured_media_url":"https:\/\/i0.wp.com\/www.vom-taubertal.de\/blog\/wp-content\/uploads\/2026\/08\/Brummhummelchen-Titelbild.jpg?fit=800%2C300&quality=100&ssl=1","_links":{"self":[{"href":"https:\/\/www.vom-taubertal.de\/blog\/wp-json\/wp\/v2\/posts\/46618","targetHints":{"allow":["GET"]}}],"collection":[{"href":"https:\/\/www.vom-taubertal.de\/blog\/wp-json\/wp\/v2\/posts"}],"about":[{"href":"https:\/\/www.vom-taubertal.de\/blog\/wp-json\/wp\/v2\/types\/post"}],"author":[{"embeddable":true,"href":"https:\/\/www.vom-taubertal.de\/blog\/wp-json\/wp\/v2\/users\/1"}],"replies":[{"embeddable":true,"href":"https:\/\/www.vom-taubertal.de\/blog\/wp-json\/wp\/v2\/comments?post=46618"}],"version-history":[{"count":9,"href":"https:\/\/www.vom-taubertal.de\/blog\/wp-json\/wp\/v2\/posts\/46618\/revisions"}],"predecessor-version":[{"id":46630,"href":"https:\/\/www.vom-taubertal.de\/blog\/wp-json\/wp\/v2\/posts\/46618\/revisions\/46630"}],"wp:featuredmedia":[{"embeddable":true,"href":"https:\/\/www.vom-taubertal.de\/blog\/wp-json\/wp\/v2\/media\/46619"}],"wp:attachment":[{"href":"https:\/\/www.vom-taubertal.de\/blog\/wp-json\/wp\/v2\/media?parent=46618"}],"wp:term":[{"taxonomy":"category","embeddable":true,"href":"https:\/\/www.vom-taubertal.de\/blog\/wp-json\/wp\/v2\/categories?post=46618"},{"taxonomy":"post_tag","embeddable":true,"href":"https:\/\/www.vom-taubertal.de\/blog\/wp-json\/wp\/v2\/tags?post=46618"}],"curies":[{"name":"wp","href":"https:\/\/api.w.org\/{rel}","templated":true}]}}